{"id":91172,"date":"2018-02-04T08:40:41","date_gmt":"2018-02-04T10:40:41","guid":{"rendered":"http:\/\/diarioregionaljf.com.br\/2018\/02\/04\/a-essencia-de-tudo-e-o-verbo-palavra-2\/"},"modified":"2018-04-16T08:09:55","modified_gmt":"2018-04-16T11:09:55","slug":"a-essencia-de-tudo-e-o-verbo-palavra-2","status":"publish","type":"post","link":"https:\/\/diarioregionaldigital.com.br\/?p=91172","title":{"rendered":"A ess\u00eancia de tudo \u00e9 o Verbo (palavra)"},"content":{"rendered":"<p>&#8220;No princ\u00edpio existia o Verbo (palavra).&#8221; &#8220;Princ\u00edpio&#8221; aqui significa o inicio de tudo, a origem de tudo. O Verbo cria todas as coisas. Em japon\u00eas, o verbo que significa &#8220;fomar-se&#8221; ou &#8220;completar-se&#8221; \u00e9 naru, que tem rela\u00e7\u00e3o com outro verbo, que significa &#8220;soar&#8221; ou &#8220;vibrar&#8221; e que tamb\u00e9m se pronuncia naru (embora o ideograma seja diferente). Podemos, pois, inferir que as &#8220;vibra\u00e7\u00f5es da palavra&#8221; d\u00e3o origem \u00e0 manifesta\u00e7\u00e3o de formas concretas que podemos captar com os olhos f\u00edsicos.<br \/>Exemplifiquemos o fato tomando como base uma x\u00edcara de ch\u00e1. Se eu disser que ela surgiu pela concretiza\u00e7\u00e3o das vibra\u00e7\u00f5es da palavra, haver\u00e1 quem conteste: &#8220;A x\u00edcara foi feita de argila apropriada para cer\u00e2mica&#8221;. Mas \u00e9 verdade que ela foi feita pelo poder da palavra. Normalmente pensamos que &#8220;palavra&#8221; seja apenas a que exprimimos oralmente, mas na B\u00edblia consta que &#8220;No princ\u00edpio existia o Verbo (palavra)&#8221;. Que significa esta frase?<br \/>O Verbo (palavra) existia antes da cria\u00e7\u00e3o do mundo, quando ainda n\u00e3o havia a Terra, nem o Sol, nem qualquer outro corpo celeste. Ele \u00e9 o princ\u00edpio que existia antes de tudo, na ess\u00eancia do Universo. Portanto, n\u00e3o \u00e9 a palavra proferida pela boca humana, mas uma for\u00e7a misteriosa imanente no Universo que podemos chamar de Deus, ou Grande Vida. E essa for\u00e7a misteriosa, essa Vida suprema e maravilhosa imanente no Universo, emitiu vibra\u00e7\u00f5es como as ondas de r\u00e1dio. A essas vibra\u00e7\u00f5es da Vida damos o nome de &#8220;palavra&#8221;. O mesmo acontece conosco: quando pro-nunciamos palavras, estamos emitindo vibra\u00e7\u00f5es da Vida. As vibra\u00e7\u00f5es da Vida n\u00e3o precisam necessariamente pas\u00acsar pelo aparelho fonador. Mesmo ao serem emitidas men\u00actalmente, constituem palavras. Suponhamos que algu\u00e9m pense em participar da festa do Dia do Trabalho. Mesmo que nada diga, em sua mente forma-se este pensamento, ou seja, ocorre a vibra\u00e7\u00e3o da palavra dentro da mente. A pala\u00acvra \u00e9 uma onda vibrat\u00f3ria da mente.<br \/>&#8220;No princ\u00edpio existia o Verbo (palavra), e o Verbo (pnlavra) estava com Deus, e o Verbo (palavra) era Deus.&#8221; () Vcrbo (palavra) \u00e9 a Vida suprema que existia no Uni\u00acverso desde o princ\u00edpio, quando ainda n\u00e3o havia a Terra, nem o Sol, nem qualquer outro corpo celeste. Essa Vida suprema emitiu ondas vibrat\u00f3rias, que se propagaram tais quais ondas eletromagn\u00e9ticas e possibilitaram a materiali\u00aczu\u00e7\u00e3o de elementos. Dessa maneira, gradativamente, for\u00acmou-se o Universo. Portanto, o Sol, a Terra, os astros, tudo \u00f3 materializa\u00e7\u00e3o das palavras de Deus &#8211; das vibra\u00e7\u00f5es da Vida. Vibra\u00e7\u00f5es da Vida s\u00e3o vibra\u00e7\u00f5es da mente.<br \/>N\u00e3o s\u00f3 o Sol, a Terra e outros corpos celestes, mas tamb\u00e9m todas as coisas s\u00e3o materializa\u00e7\u00e3o das vibra\u00e7\u00f5es mentais: podemos citar, como exemplo, a x\u00edcara: o cera\u00acmista desenhou mentalmente um objeto que facilitasse o uto de tomar ch\u00e1. Ele pensou &#8220;vou idealizar uma forma conveniente&#8221;; ent\u00e3o as suas vibra\u00e7\u00f5es mentais, ou seja, as palavras, concretizaram-se em forma de x\u00edcara. Tudo que existe \u00e9 formado pela concretiza\u00e7\u00e3o de ondas mentais.<\/p>\n","protected":false},"excerpt":{"rendered":"<p>&#8220;No princ\u00edpio existia o Verbo (palavra).&#8221; &#8220;Princ\u00edpio&#8221; aqui significa o inicio de tudo, a origem de tudo. O Verbo cria todas as coisas. Em japon\u00eas, o verbo que significa &#8220;fomar-se&#8221; ou &#8220;completar-se&#8221; \u00e9 naru, que tem rela\u00e7\u00e3o com outro verbo, que significa &#8220;soar&#8221; ou &#8220;vibrar&#8221; e que tamb\u00e9m se pronuncia naru (embora o ideograma seja [&hellip;]<\/p>\n","protected":false},"author":96,"featured_media":0,"comment_status":"closed","ping_status":"closed","sticky":false,"template":"","format":"standard","meta":{"footnotes":""},"categories":[263],"tags":[],"class_list":["post-91172","post","type-post","status-publish","format-standard","hentry","category-jane-aragao"],"_links":{"self":[{"href":"https:\/\/diarioregionaldigital.com.br\/index.php?rest_route=\/wp\/v2\/posts\/91172","targetHints":{"allow":["GET"]}}],"collection":[{"href":"https:\/\/diarioregionaldigital.com.br\/index.php?rest_route=\/wp\/v2\/posts"}],"about":[{"href":"https:\/\/diarioregionaldigital.com.br\/index.php?rest_route=\/wp\/v2\/types\/post"}],"author":[{"embeddable":true,"href":"https:\/\/diarioregionaldigital.com.br\/index.php?rest_route=\/wp\/v2\/users\/96"}],"replies":[{"embeddable":true,"href":"https:\/\/diarioregionaldigital.com.br\/index.php?rest_route=%2Fwp%2Fv2%2Fcomments&post=91172"}],"version-history":[{"count":0,"href":"https:\/\/diarioregionaldigital.com.br\/index.php?rest_route=\/wp\/v2\/posts\/91172\/revisions"}],"wp:attachment":[{"href":"https:\/\/diarioregionaldigital.com.br\/index.php?rest_route=%2Fwp%2Fv2%2Fmedia&parent=91172"}],"wp:term":[{"taxonomy":"category","embeddable":true,"href":"https:\/\/diarioregionaldigital.com.br\/index.php?rest_route=%2Fwp%2Fv2%2Fcategories&post=91172"},{"taxonomy":"post_tag","embeddable":true,"href":"https:\/\/diarioregionaldigital.com.br\/index.php?rest_route=%2Fwp%2Fv2%2Ftags&post=91172"}],"curies":[{"name":"wp","href":"https:\/\/api.w.org\/{rel}","templated":true}]}}