{"id":91171,"date":"2018-02-04T08:38:34","date_gmt":"2018-02-04T10:38:34","guid":{"rendered":"http:\/\/diarioregionaljf.com.br\/2018\/02\/04\/bloco-nega-maria-2\/"},"modified":"2018-02-04T08:38:34","modified_gmt":"2018-02-04T10:38:34","slug":"bloco-nega-maria-2","status":"publish","type":"post","link":"https:\/\/diarioregionaldigital.com.br\/?p=91171","title":{"rendered":"Bloco Nega Maria"},"content":{"rendered":"<p style=\"text-align: center;\"><span class=\"h4\">Futebol Gay<\/span><br \/>O futebol brasileiro ser\u00e1 representado pela primeira vez no Word Gay Games, em Paris. O time carioca Beecats est\u00e1 confirmado na competi\u00e7\u00e3o de agosto, uma aut\u00eantica Olimp\u00edada, realizada de quatro em quatro anos, desde 1982. S\u00e3o 15 mil atletas de 70 pa\u00edses, divididos em 36 modalidades esportivas e art\u00edsticas, inclusive boliche e dan\u00e7a.<\/p>\n<p style=\"text-align: center;\"><span class=\"h4\">Artes Visuais<\/span><br \/>A artista Jade Marra criou uma s\u00e9rie de pinturas sobre aus\u00eancia e saudade, em que o processo estabelece uma supera\u00e7\u00e3o da falta da pessoa querida em um ato de afeto. A partir deste registro, a artista produziu a cole\u00e7\u00e3o intitulada Toque com pinturas lindas colocando em foco intimidade a dist\u00e2ncia.<\/p>\n<p style=\"text-align: center;\"><span class=\"h4\">Carnaval JF\/2018<\/span><br \/>Agendado para sair no dia 6 de fevereiro no Parque Halfeld, o Bloco dos Servidores Municipais desfila este ano prestando uma homenagem ao Sr. Raimundo Nonato, que por muitos anos vem prestando servi\u00e7os na C\u00e2mara Municipal de Juiz de Fora.<\/p>\n<p style=\"text-align: center;\"><span class=\"h4\">No Caixa<\/span><br \/>O governo pretende fazer um megaleil\u00e3o de petr\u00f3leo que poderia render at\u00e9 R$ 80 bilh\u00f5es e ajudar a refor\u00e7ar o caixa este ano. Para isso, um grupo de trabalho tenta resolver um impasse na negocia\u00e7\u00e3o com a Petrobras sobre \u00e1rea de pr\u00e9-sal.<\/p>\n<p style=\"text-align: center;\"><span class=\"h4\">Gera\u00e7\u00e3o sabe-tudo<\/span><br \/>Com os principais marqueteiros das \u00faltimas elei\u00e7\u00f5es dizimados pela Lava-Jato, 2018 ver\u00e1 surgir uma nova gera\u00e7\u00e3o de marqueteiros de primeira viagem em elei\u00e7\u00f5es presidenciais, todos \u00e1vidos para passarem da classe econ\u00f4mica para primeira classe na profiss\u00e3o.<\/p>\n<p style=\"text-align: center;\"><span class=\"h4\">Olha s\u00f3<\/span><br \/>A Dimona, camisaria transada do Rio, aumentar\u00e1, no carnaval deste ano, a quantidade de camisetas inspirada no sucesso \u201cQue tiro foi esse?\u201d de Jojo Todynho. Esta semana colocou a venda 100 unidades e vendeu tudo em duas horas. J\u00e1 est\u00e1 produzindo mais.<\/p>\n<p style=\"text-align: center;\"><span class=\"h4\">Bloco Nega Maria<\/span><br \/>Explodiu, na pra\u00e7a do Bar do L\u00e9o, o Bloco Nega Maria da cantora do momento em Juiz de Fora e regi\u00e3o, Sandra Portella. O espa\u00e7o ficou literalmente superlotado, com alt\u00edssimo astral e a banda inspirad\u00edssima tocou muito samba com confetes e serpentinas bailando no ar. As fotos registram a alegria dos foli\u00f5es.<\/p>\n<p style=\"text-align: center;\"><img decoding=\"async\" class=\" size-full wp-image-91157\" src=\"http:\/\/diarioregionaljf.com.br\/wp-content\/uploads\/2018\/02\/diario-int-23819-1.jpg\" alt=\"fotoa.jpg\" width=\"680\" style=\"display: block; margin-left: auto; margin-right: auto;\" srcset=\"https:\/\/diarioregionaldigital.com.br\/wp-content\/uploads\/2018\/02\/diario-int-23819-1.jpg 680w, https:\/\/diarioregionaldigital.com.br\/wp-content\/uploads\/2018\/02\/diario-int-23819-1-300x169.jpg 300w, https:\/\/diarioregionaldigital.com.br\/wp-content\/uploads\/2018\/02\/diario-int-23819-1-360x203.jpg 360w\" sizes=\"(max-width: 680px) 100vw, 680px\" \/>Energizando com Ricardo Sousa, Eduardo Gomes, M\u00e1rcio Marques e a diva Sandra Portella<\/p>\n<p style=\"text-align: center;\"><img decoding=\"async\" class=\" size-full wp-image-91158\" src=\"http:\/\/diarioregionaljf.com.br\/wp-content\/uploads\/2018\/02\/diario-int-23819-2.jpg\" alt=\"fotoaa.jpg\" width=\"680\" style=\"display: block; margin-left: auto; margin-right: auto;\" srcset=\"https:\/\/diarioregionaldigital.com.br\/wp-content\/uploads\/2018\/02\/diario-int-23819-2.jpg 680w, https:\/\/diarioregionaldigital.com.br\/wp-content\/uploads\/2018\/02\/diario-int-23819-2-300x198.jpg 300w, https:\/\/diarioregionaldigital.com.br\/wp-content\/uploads\/2018\/02\/diario-int-23819-2-360x238.jpg 360w\" sizes=\"(max-width: 680px) 100vw, 680px\" \/>Vereador Charles Evangelista, delegada vereadora Sheila Oliveira, colunista Eduardo Gomes e delegada Patr\u00edcia Ribeiro<\/p>\n<p style=\"text-align: center;\"><img decoding=\"async\" class=\" size-full wp-image-91159\" src=\"http:\/\/diarioregionaljf.com.br\/wp-content\/uploads\/2018\/02\/diario-int-23819-3.jpg\" alt=\"fotob.jpg\" width=\"680\" style=\"display: block; margin-left: auto; margin-right: auto;\" srcset=\"https:\/\/diarioregionaldigital.com.br\/wp-content\/uploads\/2018\/02\/diario-int-23819-3.jpg 680w, https:\/\/diarioregionaldigital.com.br\/wp-content\/uploads\/2018\/02\/diario-int-23819-3-300x199.jpg 300w, https:\/\/diarioregionaldigital.com.br\/wp-content\/uploads\/2018\/02\/diario-int-23819-3-360x238.jpg 360w\" sizes=\"(max-width: 680px) 100vw, 680px\" \/>Luciana Lopes, Carlos Barbosa, Fabiano Garcia e Dani Verpel<\/p>\n<p style=\"text-align: center;\"><img decoding=\"async\" class=\" size-full wp-image-91160\" src=\"http:\/\/diarioregionaljf.com.br\/wp-content\/uploads\/2018\/02\/diario-int-23819-4.jpg\" alt=\"fotobb.jpg\" width=\"680\" style=\"display: block; margin-left: auto; margin-right: auto;\" srcset=\"https:\/\/diarioregionaldigital.com.br\/wp-content\/uploads\/2018\/02\/diario-int-23819-4.jpg 680w, https:\/\/diarioregionaldigital.com.br\/wp-content\/uploads\/2018\/02\/diario-int-23819-4-300x243.jpg 300w, https:\/\/diarioregionaldigital.com.br\/wp-content\/uploads\/2018\/02\/diario-int-23819-4-360x291.jpg 360w\" sizes=\"(max-width: 680px) 100vw, 680px\" \/>Absoluta, a ex-rainha do Bloco Nega Maria, Ju Nega<\/p>\n<p style=\"text-align: center;\"><img decoding=\"async\" class=\" size-full wp-image-91161\" src=\"http:\/\/diarioregionaljf.com.br\/wp-content\/uploads\/2018\/02\/diario-int-23819-5.jpg\" alt=\"fotoc.jpg\" width=\"680\" style=\"display: block; margin-left: auto; margin-right: auto;\" srcset=\"https:\/\/diarioregionaldigital.com.br\/wp-content\/uploads\/2018\/02\/diario-int-23819-5.jpg 680w, https:\/\/diarioregionaldigital.com.br\/wp-content\/uploads\/2018\/02\/diario-int-23819-5-300x169.jpg 300w, https:\/\/diarioregionaldigital.com.br\/wp-content\/uploads\/2018\/02\/diario-int-23819-5-360x203.jpg 360w\" sizes=\"(max-width: 680px) 100vw, 680px\" \/>Batista Coqueiral, R\u00e9gis da Vila, Marcelo Barra, Beth Ank, Nelson Rezende de Barros, Oswaldo Fernandes Filho<\/p>\n<p style=\"text-align: center;\"><img decoding=\"async\" class=\" size-full wp-image-91162\" src=\"http:\/\/diarioregionaljf.com.br\/wp-content\/uploads\/2018\/02\/diario-int-23819-6.jpg\" alt=\"fotocc.jpg\" width=\"680\" style=\"display: block; margin-left: auto; margin-right: auto;\" srcset=\"https:\/\/diarioregionaldigital.com.br\/wp-content\/uploads\/2018\/02\/diario-int-23819-6.jpg 680w, https:\/\/diarioregionaldigital.com.br\/wp-content\/uploads\/2018\/02\/diario-int-23819-6-300x199.jpg 300w, https:\/\/diarioregionaldigital.com.br\/wp-content\/uploads\/2018\/02\/diario-int-23819-6-360x238.jpg 360w\" sizes=\"(max-width: 680px) 100vw, 680px\" \/>Os lindos, Orne\u00eddes Lima e Petterson Marciano<\/p>\n<p style=\"text-align: center;\"><img decoding=\"async\" class=\" size-full wp-image-91163\" src=\"http:\/\/diarioregionaljf.com.br\/wp-content\/uploads\/2018\/02\/diario-int-23819-7.jpg\" alt=\"fotod.jpg\" width=\"680\" style=\"display: block; margin-left: auto; margin-right: auto;\" srcset=\"https:\/\/diarioregionaldigital.com.br\/wp-content\/uploads\/2018\/02\/diario-int-23819-7.jpg 680w, https:\/\/diarioregionaldigital.com.br\/wp-content\/uploads\/2018\/02\/diario-int-23819-7-300x199.jpg 300w, https:\/\/diarioregionaldigital.com.br\/wp-content\/uploads\/2018\/02\/diario-int-23819-7-360x238.jpg 360w\" sizes=\"(max-width: 680px) 100vw, 680px\" \/>Beto Souza, Charlie Tam e Vera Alice Tam<\/p>\n<p style=\"text-align: center;\"><img decoding=\"async\" class=\" size-full wp-image-91164\" src=\"http:\/\/diarioregionaljf.com.br\/wp-content\/uploads\/2018\/02\/diario-int-23819-8.jpg\" alt=\"fotoe.jpg\" width=\"680\" style=\"display: block; margin-left: auto; margin-right: auto;\" srcset=\"https:\/\/diarioregionaldigital.com.br\/wp-content\/uploads\/2018\/02\/diario-int-23819-8.jpg 680w, https:\/\/diarioregionaldigital.com.br\/wp-content\/uploads\/2018\/02\/diario-int-23819-8-300x199.jpg 300w, https:\/\/diarioregionaldigital.com.br\/wp-content\/uploads\/2018\/02\/diario-int-23819-8-360x238.jpg 360w\" sizes=\"(max-width: 680px) 100vw, 680px\" \/>Fabiano Garcia, Ivanir Ferreira, Carlos Barbosa e Erika Beire<\/p>\n<p style=\"text-align: center;\"><img decoding=\"async\" class=\" size-full wp-image-91165\" src=\"http:\/\/diarioregionaljf.com.br\/wp-content\/uploads\/2018\/02\/diario-int-23819-9.jpg\" alt=\"fotof.jpg\" width=\"680\" style=\"display: block; margin-left: auto; margin-right: auto;\" srcset=\"https:\/\/diarioregionaldigital.com.br\/wp-content\/uploads\/2018\/02\/diario-int-23819-9.jpg 680w, https:\/\/diarioregionaldigital.com.br\/wp-content\/uploads\/2018\/02\/diario-int-23819-9-300x199.jpg 300w, https:\/\/diarioregionaldigital.com.br\/wp-content\/uploads\/2018\/02\/diario-int-23819-9-360x238.jpg 360w\" sizes=\"(max-width: 680px) 100vw, 680px\" \/>Daniell de Mattos, Rafael Crespo, Lu\u00eds Rachid<\/p>\n<p style=\"text-align: center;\"><img decoding=\"async\" class=\" size-full wp-image-91166\" src=\"http:\/\/diarioregionaljf.com.br\/wp-content\/uploads\/2018\/02\/diario-int-23819-10.jpg\" alt=\"fotog.jpg\" width=\"680\" style=\"display: block; margin-left: auto; margin-right: auto;\" srcset=\"https:\/\/diarioregionaldigital.com.br\/wp-content\/uploads\/2018\/02\/diario-int-23819-10.jpg 680w, https:\/\/diarioregionaldigital.com.br\/wp-content\/uploads\/2018\/02\/diario-int-23819-10-300x243.jpg 300w, https:\/\/diarioregionaldigital.com.br\/wp-content\/uploads\/2018\/02\/diario-int-23819-10-360x291.jpg 360w\" sizes=\"(max-width: 680px) 100vw, 680px\" \/>Mariana Chaiben e Helenise Machado<\/p>\n<p style=\"text-align: center;\"><img decoding=\"async\" class=\" size-full wp-image-91167\" src=\"http:\/\/diarioregionaljf.com.br\/wp-content\/uploads\/2018\/02\/diario-int-23819-11.JPG\" alt=\"fotoh.JPG\" width=\"680\" style=\"display: block; margin-left: auto; margin-right: auto;\" srcset=\"https:\/\/diarioregionaldigital.com.br\/wp-content\/uploads\/2018\/02\/diario-int-23819-11.JPG 680w, https:\/\/diarioregionaldigital.com.br\/wp-content\/uploads\/2018\/02\/diario-int-23819-11-300x199.jpg 300w, https:\/\/diarioregionaldigital.com.br\/wp-content\/uploads\/2018\/02\/diario-int-23819-11-360x238.jpg 360w\" sizes=\"(max-width: 680px) 100vw, 680px\" \/>Z\u00e9 Kodak e Sandra Portella<\/p>\n<p style=\"text-align: center;\"><img decoding=\"async\" class=\" size-full wp-image-91168\" src=\"http:\/\/diarioregionaljf.com.br\/wp-content\/uploads\/2018\/02\/diario-int-23819-12.JPG\" alt=\"fotoi.JPG\" width=\"680\" style=\"display: block; margin-left: auto; margin-right: auto;\" srcset=\"https:\/\/diarioregionaldigital.com.br\/wp-content\/uploads\/2018\/02\/diario-int-23819-12.JPG 680w, https:\/\/diarioregionaldigital.com.br\/wp-content\/uploads\/2018\/02\/diario-int-23819-12-300x199.jpg 300w, https:\/\/diarioregionaldigital.com.br\/wp-content\/uploads\/2018\/02\/diario-int-23819-12-360x238.jpg 360w\" sizes=\"(max-width: 680px) 100vw, 680px\" \/>A deslumbrante, J\u00e9ssica Guirgo<\/p>\n<p style=\"text-align: center;\"><img decoding=\"async\" class=\" size-full wp-image-91169\" src=\"http:\/\/diarioregionaljf.com.br\/wp-content\/uploads\/2018\/02\/diario-int-23819-13.JPG\" alt=\"fotoJ.JPG\" width=\"680\" style=\"display: block; margin-left: auto; margin-right: auto;\" srcset=\"https:\/\/diarioregionaldigital.com.br\/wp-content\/uploads\/2018\/02\/diario-int-23819-13.JPG 680w, https:\/\/diarioregionaldigital.com.br\/wp-content\/uploads\/2018\/02\/diario-int-23819-13-300x199.jpg 300w, https:\/\/diarioregionaldigital.com.br\/wp-content\/uploads\/2018\/02\/diario-int-23819-13-360x238.jpg 360w\" sizes=\"(max-width: 680px) 100vw, 680px\" \/>William Choppinho, Maria Nogueira e Beth Urgal<\/p>\n<p style=\"text-align: center;\"><img decoding=\"async\" class=\" size-full wp-image-91170\" src=\"http:\/\/diarioregionaljf.com.br\/wp-content\/uploads\/2018\/02\/diario-int-23819-14.jpg\" alt=\"fotol.jpg\" width=\"680\" style=\"display: block; margin-left: auto; margin-right: auto;\" srcset=\"https:\/\/diarioregionaldigital.com.br\/wp-content\/uploads\/2018\/02\/diario-int-23819-14.jpg 680w, https:\/\/diarioregionaldigital.com.br\/wp-content\/uploads\/2018\/02\/diario-int-23819-14-300x169.jpg 300w, https:\/\/diarioregionaldigital.com.br\/wp-content\/uploads\/2018\/02\/diario-int-23819-14-360x203.jpg 360w\" sizes=\"(max-width: 680px) 100vw, 680px\" \/>As rainhas do Bloco Nega Maria, Elaine e Liliane Gonzaga ladeando a corte do Carnaval com Graciele, Eduardo e Deisy<\/p>\n<p class=\"h4\" style=\"text-align: center;\">FOTOSS\u00cdNTESE<\/p>\n<p>Para o doming\u00e3o 4 delirar, a parada \u00e9 curtir o rock ac\u00fastico do RHee &amp; Guto, \u00e0s 18h, no Me Gusta Food Park &amp; Cultura, no Alto dos Passos.<\/p>\n<p>Cristina Castelo Branco e M\u00f4nica Luengo An\u00f5n estiveram no Brasil para realizar jornada de assessoramento com o prop\u00f3sito de auxiliar o Instituto do Patrim\u00f4nio Hist\u00f3rico e Art\u00edstico Nacional (IPHAN) no processo de candidatura do S\u00edtio Roberto Burle Marx a Patrim\u00f4nio Mundial. Cristina j\u00e1 voltou para Portugal e M\u00f4nica para a Espanha.<\/p>\n<p>Aten\u00e7\u00e3o: est\u00e3o suspensos voos do Aeroporto Regional para o da Pampulha. As vendas n\u00e3o est\u00e3o dispon\u00edveis no site da companhia para datas entre 5 de fevereiro e 24 de mar\u00e7o, incluindo voos entre Congonhas e Pampulha.<\/p>\n<p>Em seu espa\u00e7o de esportes na rua Tiradentes, Ronaldo Miana graduou com faixa preta o coronel Fl\u00e1vio Cristino Pires da PM.<\/p>\n<p>A reitora da Est\u00e1cio, M\u00e1rcia Medeiros, apresentou esta semana o novo anexo do centro universit\u00e1rio, com laborat\u00f3rios de bioqu\u00edmica, sala de preparo e microscopia.<\/p>\n<p>Na Mostra Aurora do Festival de Filmes de Tiradentes, o vencedor foi \u201cBaixo Centro\u201d. A homenageada da vers\u00e3o 2018, com o trof\u00e9u Helena Ignez, foi J\u00falia Katharine.<\/p>\n<p>Est\u00e1 revestindo as paredes do Memorial da Rep\u00fablica Itamar Franco, a exposi\u00e7\u00e3o de Eliardo Fran\u00e7a, com o tema \u201cTerra de Vera Cruz\u201d!<\/p>\n<p>M\u00e1rcio Marques retornou de S\u00e3o Paulo trazendo novidades em roupas lindas para ele e ela brincar o carnaval lindos e maravilhosos. A loja M. Marques fica no Braz Shopping, 1\u00ba piso.<\/p>\n<p>Em momento \u00fanico faz sucesso nas redes sociais as fotos de Andr\u00e9 Pavam, muito bem nos closes de M\u00e1rcia Valle.<\/p>\n<p>Incrivelmente talentoso, o \u2018chef\u2019 Ant\u00f4nio P\u00e1dua Jun\u00e3o vem se destacando nas cozinhas juiz-foranas. Com pre\u00e7o especial, ele arrasa no churrasco profissional para eventos.<\/p>\n<p>No dia 8 de fevereiro, \u00e0s 22h, o NiverShow recebe o tradicional Baile da Banda Daki. Recebendo os foli\u00f5es o General da Banda Z\u00e9 Kodak com Maria da Banda e Pierr\u00f4.<\/p>\n<p>Aviso: Para passar delineador meninas, n\u00e3o pode ter mal de Parkinson. Bom dia.<\/p>\n","protected":false},"excerpt":{"rendered":"<p>Futebol GayO futebol brasileiro ser\u00e1 representado pela primeira vez no Word Gay Games, em Paris. O time carioca Beecats est\u00e1 confirmado na competi\u00e7\u00e3o de agosto, uma aut\u00eantica Olimp\u00edada, realizada de quatro em quatro anos, desde 1982. S\u00e3o 15 mil atletas de 70 pa\u00edses, divididos em 36 modalidades esportivas e art\u00edsticas, inclusive boliche e dan\u00e7a. Artes [&hellip;]<\/p>\n","protected":false},"author":96,"featured_media":91156,"comment_status":"closed","ping_status":"closed","sticky":false,"template":"","format":"standard","meta":{"footnotes":""},"categories":[264],"tags":[],"class_list":["post-91171","post","type-post","status-publish","format-standard","has-post-thumbnail","hentry","category-eduardo-gomes"],"_links":{"self":[{"href":"https:\/\/diarioregionaldigital.com.br\/index.php?rest_route=\/wp\/v2\/posts\/91171","targetHints":{"allow":["GET"]}}],"collection":[{"href":"https:\/\/diarioregionaldigital.com.br\/index.php?rest_route=\/wp\/v2\/posts"}],"about":[{"href":"https:\/\/diarioregionaldigital.com.br\/index.php?rest_route=\/wp\/v2\/types\/post"}],"author":[{"embeddable":true,"href":"https:\/\/diarioregionaldigital.com.br\/index.php?rest_route=\/wp\/v2\/users\/96"}],"replies":[{"embeddable":true,"href":"https:\/\/diarioregionaldigital.com.br\/index.php?rest_route=%2Fwp%2Fv2%2Fcomments&post=91171"}],"version-history":[{"count":0,"href":"https:\/\/diarioregionaldigital.com.br\/index.php?rest_route=\/wp\/v2\/posts\/91171\/revisions"}],"wp:featuredmedia":[{"embeddable":true,"href":"https:\/\/diarioregionaldigital.com.br\/index.php?rest_route=\/wp\/v2\/media\/91156"}],"wp:attachment":[{"href":"https:\/\/diarioregionaldigital.com.br\/index.php?rest_route=%2Fwp%2Fv2%2Fmedia&parent=91171"}],"wp:term":[{"taxonomy":"category","embeddable":true,"href":"https:\/\/diarioregionaldigital.com.br\/index.php?rest_route=%2Fwp%2Fv2%2Fcategories&post=91171"},{"taxonomy":"post_tag","embeddable":true,"href":"https:\/\/diarioregionaldigital.com.br\/index.php?rest_route=%2Fwp%2Fv2%2Ftags&post=91171"}],"curies":[{"name":"wp","href":"https:\/\/api.w.org\/{rel}","templated":true}]}}