{"id":91155,"date":"2018-02-04T01:54:21","date_gmt":"2018-02-04T03:54:21","guid":{"rendered":"http:\/\/diarioregionaljf.com.br\/2018\/02\/04\/powerline-internet-esclarece-sobre-problemas-no-roteamento-de-jf-e-regiao\/"},"modified":"2018-02-04T01:54:21","modified_gmt":"2018-02-04T03:54:21","slug":"powerline-internet-esclarece-sobre-problemas-no-roteamento-de-jf-e-regiao","status":"publish","type":"post","link":"https:\/\/diarioregionaldigital.com.br\/?p=91155","title":{"rendered":"Powerline internet esclarece sobre problemas no roteamento de JF e regi\u00e3o"},"content":{"rendered":"<p>Nas \u00faltimas semanas os usu\u00e1rios da Powerline Internet de Juiz de Fora e regi\u00e3o sofreram com a queda do servi\u00e7o contratado. Diversos consumidores da empresa entraram em contato com a equipe do Di\u00e1rio Regional pedindo o esclarecimento da empresa sobre os ocorridos, j\u00e1 que n\u00e3o conseguiram contato via telefone com a mesma. Os usu\u00e1rios entraram em contato notificado tal problema por duas vezes e a perda total da velocidade da internet.<\/p>\n<p>A empresa enviou nota esclarecendo os motivadores da queda do servi\u00e7o e reiterando toda a presteza e compromisso com seus consumidores.<\/p>\n<p>A POWERLINE INTERNET vem prestar esclarecimentos sobre os problemas de acesso ocorridos nos \u00faltimos dias. Em duas ocasi\u00f5es, ocorreram falhas de roteamento, a partir de nosso ponto central de rede, afetando boa parte do acesso em Juiz de Fora e cidades vizinhas.<br \/>Nossa equipe esteve empenhada na solu\u00e7\u00e3o dos casos e realizou todas as tratativas para que o problema fosse sanado no menor espa\u00e7o de tempo. Temos certeza de que todos os nossos investimentos foram significativos para obter grande crescimento na regi\u00e3o e que continuaremos firmes neste caminho. Nosso trabalho durante os \u00faltimos 22 anos foram para oferecer um servi\u00e7o de qualidade, com custo acess\u00edvel \u00e0 popula\u00e7\u00e3o.<br \/>Casos desta propor\u00e7\u00e3o, dificultam a boa qualidade do atendimento de suporte telef\u00f4nico, por\u00e9m n\u00e3o desmerecem todo o esfor\u00e7o de nossa equipe. Lamentamos estas ocorr\u00eancias e estaremos mobilizados para evitar ou minimizar novos problemas, apesar de termos ci\u00eancia de que n\u00e3o estamos livres de situa\u00e7\u00f5es adversas.<\/p>\n","protected":false},"excerpt":{"rendered":"<p>Nas \u00faltimas semanas os usu\u00e1rios da Powerline Internet de Juiz de Fora e regi\u00e3o sofreram com a queda do servi\u00e7o contratado. Diversos consumidores da empresa entraram em contato com a equipe do Di\u00e1rio Regional pedindo o esclarecimento da empresa sobre os ocorridos, j\u00e1 que n\u00e3o conseguiram contato via telefone com a mesma. Os usu\u00e1rios entraram [&hellip;]<\/p>\n","protected":false},"author":96,"featured_media":91154,"comment_status":"closed","ping_status":"closed","sticky":false,"template":"","format":"standard","meta":{"footnotes":""},"categories":[253],"tags":[],"class_list":["post-91155","post","type-post","status-publish","format-standard","has-post-thumbnail","hentry","category-cidade"],"_links":{"self":[{"href":"https:\/\/diarioregionaldigital.com.br\/index.php?rest_route=\/wp\/v2\/posts\/91155","targetHints":{"allow":["GET"]}}],"collection":[{"href":"https:\/\/diarioregionaldigital.com.br\/index.php?rest_route=\/wp\/v2\/posts"}],"about":[{"href":"https:\/\/diarioregionaldigital.com.br\/index.php?rest_route=\/wp\/v2\/types\/post"}],"author":[{"embeddable":true,"href":"https:\/\/diarioregionaldigital.com.br\/index.php?rest_route=\/wp\/v2\/users\/96"}],"replies":[{"embeddable":true,"href":"https:\/\/diarioregionaldigital.com.br\/index.php?rest_route=%2Fwp%2Fv2%2Fcomments&post=91155"}],"version-history":[{"count":0,"href":"https:\/\/diarioregionaldigital.com.br\/index.php?rest_route=\/wp\/v2\/posts\/91155\/revisions"}],"wp:featuredmedia":[{"embeddable":true,"href":"https:\/\/diarioregionaldigital.com.br\/index.php?rest_route=\/wp\/v2\/media\/91154"}],"wp:attachment":[{"href":"https:\/\/diarioregionaldigital.com.br\/index.php?rest_route=%2Fwp%2Fv2%2Fmedia&parent=91155"}],"wp:term":[{"taxonomy":"category","embeddable":true,"href":"https:\/\/diarioregionaldigital.com.br\/index.php?rest_route=%2Fwp%2Fv2%2Fcategories&post=91155"},{"taxonomy":"post_tag","embeddable":true,"href":"https:\/\/diarioregionaldigital.com.br\/index.php?rest_route=%2Fwp%2Fv2%2Ftags&post=91155"}],"curies":[{"name":"wp","href":"https:\/\/api.w.org\/{rel}","templated":true}]}}