{"id":91153,"date":"2018-02-04T01:12:36","date_gmt":"2018-02-04T03:12:36","guid":{"rendered":"http:\/\/diarioregionaljf.com.br\/2018\/02\/04\/fashion-news-4-fevereiro-2018\/"},"modified":"2018-02-04T01:12:36","modified_gmt":"2018-02-04T03:12:36","slug":"fashion-news-4-fevereiro-2018","status":"publish","type":"post","link":"https:\/\/diarioregionaldigital.com.br\/?p=91153","title":{"rendered":"FASHION NEWS &#8211; 4 Fevereiro 2018"},"content":{"rendered":"<p>&nbsp;<\/p>\n<h4>\u00c9 CARNAVAL<\/h4>\n<p>Visando a \u00e9poca mais alegre do ano, diversas marcas investiram em pe\u00e7as pensadas para os dias de folia. In Moda trouxe alguns lan\u00e7amentos fresquinhos para voc\u00ea adquirir a fantasia do carnaval!<\/p>\n<p><strong>Youcom<\/strong><\/p>\n<p>A marca lan\u00e7ou uma cole\u00e7\u00e3o com v\u00e1rias op\u00e7\u00f5es para cair na folia, tem asa de borboleta, chocker com fitas coloridas e arquinhos para voc\u00ea fazer a cabe\u00e7a! As pe\u00e7as podem ser encontradas nas lojas f\u00edsicas da marca ou no e-commerce.<\/p>\n<p><img loading=\"lazy\" decoding=\"async\" class=\" size-full wp-image-91142\" src=\"http:\/\/diarioregionaljf.com.br\/wp-content\/uploads\/2018\/02\/diario-int-23817-1.jpg\" alt=\"YOUCOM.jpg\" style=\"display: block; margin-left: auto; margin-right: auto;\" width=\"675\" height=\"450\" srcset=\"https:\/\/diarioregionaldigital.com.br\/wp-content\/uploads\/2018\/02\/diario-int-23817-1.jpg 675w, https:\/\/diarioregionaldigital.com.br\/wp-content\/uploads\/2018\/02\/diario-int-23817-1-300x200.jpg 300w, https:\/\/diarioregionaldigital.com.br\/wp-content\/uploads\/2018\/02\/diario-int-23817-1-360x240.jpg 360w\" sizes=\"auto, (max-width: 675px) 100vw, 675px\" \/><\/p>\n<p><strong>Lougerie<\/strong><\/p>\n<p>Junto com o estilista brasileiro Wal\u00e9rio Ara\u00fajo a marca de roupa \u00edntima lan\u00e7ou uma cole\u00e7\u00e3o c\u00e1psula para o carnaval. S\u00e3o quatro bodies tem\u00e1ticos: vi\u00fava, branca de neve, estrela e m\u00e1gica, que incluem acess\u00f3rios de cabe\u00e7a para incrementar a fantasia. As pe\u00e7as j\u00e1 est\u00e3o dispon\u00edveis nas lojas da marca.<\/p>\n<p><img loading=\"lazy\" decoding=\"async\" class=\" size-full wp-image-91143\" src=\"http:\/\/diarioregionaljf.com.br\/wp-content\/uploads\/2018\/02\/diario-int-23817-2.jpg\" alt=\"LOUNGERIE.jpg\" style=\"display: block; margin-left: auto; margin-right: auto;\" width=\"300\" height=\"450\" srcset=\"https:\/\/diarioregionaldigital.com.br\/wp-content\/uploads\/2018\/02\/diario-int-23817-2.jpg 300w, https:\/\/diarioregionaldigital.com.br\/wp-content\/uploads\/2018\/02\/diario-int-23817-2-200x300.jpg 200w\" sizes=\"auto, (max-width: 300px) 100vw, 300px\" \/><\/p>\n<p><strong>C&amp;A<\/strong><\/p>\n<p>A loja de departamentos tamb\u00e9m n\u00e3o ficou de fora e lan\u00e7ou uma linha com roupas e acess\u00f3rios para a folia, tem tanto para elas quanto para eles!<\/p>\n<p><strong>Maria Fil\u00f3<\/strong><\/p>\n<p>A Maria Fil\u00f3 investiu em quatro pe\u00e7as diferentes para o carnaval: um mai\u00f4, uma blusa tropical, saia no estilo pare\u00f4 com franjas e um arco de frutas tropicais. As pe\u00e7as um pouco mais neutras priorizam o preto e branco na paleta de cores, mas sem perder o ar carnavalesco.<\/p>\n<p style=\"text-align: center;\"><img loading=\"lazy\" decoding=\"async\" class=\" size-full wp-image-91144\" src=\"http:\/\/diarioregionaljf.com.br\/wp-content\/uploads\/2018\/02\/diario-int-23817-3.jpg\" alt=\"MARIA FILO.jpg\" width=\"450\" height=\"450\" srcset=\"https:\/\/diarioregionaldigital.com.br\/wp-content\/uploads\/2018\/02\/diario-int-23817-3.jpg 450w, https:\/\/diarioregionaldigital.com.br\/wp-content\/uploads\/2018\/02\/diario-int-23817-3-150x150.jpg 150w, https:\/\/diarioregionaldigital.com.br\/wp-content\/uploads\/2018\/02\/diario-int-23817-3-300x300.jpg 300w, https:\/\/diarioregionaldigital.com.br\/wp-content\/uploads\/2018\/02\/diario-int-23817-3-180x180.jpg 180w, https:\/\/diarioregionaldigital.com.br\/wp-content\/uploads\/2018\/02\/diario-int-23817-3-120x120.jpg 120w, https:\/\/diarioregionaldigital.com.br\/wp-content\/uploads\/2018\/02\/diario-int-23817-3-360x360.jpg 360w, https:\/\/diarioregionaldigital.com.br\/wp-content\/uploads\/2018\/02\/diario-int-23817-3-80x80.jpg 80w\" sizes=\"auto, (max-width: 450px) 100vw, 450px\" \/><\/p>\n<p>&nbsp;<\/p>\n<h4><strong>RADAR JF<\/strong><\/h4>\n<p><strong>Folia na Casa<\/strong><\/p>\n<p>A Casa da Esquina lan\u00e7ou no ultimo fim de semana, uma cole\u00e7\u00e3o c\u00e1psula para o carnaval! As fantasias e adere\u00e7os da cole\u00e7\u00e3o, intitulada \u201cUm sonho de carnaval\u201d, j\u00e1 est\u00e3o dispon\u00edveis na loja, para voc\u00ea arrasar nos blocos!<\/p>\n<p><strong>Bloco da Drops<\/strong><\/p>\n<p>A Drops tamb\u00e9m colocou o seu bloco na rua com a linda Isabella Og, com looks confort\u00e1veis para curtir a folia e make arrasadora do fera Igor Boscato.<\/p>\n<p style=\"text-align: justify;\"><img loading=\"lazy\" decoding=\"async\" class=\" size-full wp-image-91145\" src=\"http:\/\/diarioregionaljf.com.br\/wp-content\/uploads\/2018\/02\/diario-int-23817-4.jpeg\" alt=\"BLOCO DA DROPS (2).jpeg\" width=\"338\" height=\"450\" srcset=\"https:\/\/diarioregionaldigital.com.br\/wp-content\/uploads\/2018\/02\/diario-int-23817-4.jpeg 338w, https:\/\/diarioregionaldigital.com.br\/wp-content\/uploads\/2018\/02\/diario-int-23817-4-225x300.jpeg 225w\" sizes=\"auto, (max-width: 338px) 100vw, 338px\" \/><\/p>\n<p style=\"text-align: justify;\"><img loading=\"lazy\" decoding=\"async\" class=\" size-full wp-image-91146\" src=\"http:\/\/diarioregionaljf.com.br\/wp-content\/uploads\/2018\/02\/diario-int-23817-5.jpeg\" alt=\"BLOCO DA DROPS (1).jpeg\" width=\"338\" height=\"450\" srcset=\"https:\/\/diarioregionaldigital.com.br\/wp-content\/uploads\/2018\/02\/diario-int-23817-5.jpeg 338w, https:\/\/diarioregionaldigital.com.br\/wp-content\/uploads\/2018\/02\/diario-int-23817-5-225x300.jpeg 225w\" sizes=\"auto, (max-width: 338px) 100vw, 338px\" \/><\/p>\n<h4>TRENDS<\/h4>\n<p><strong>De cabe\u00e7a feita<\/strong><\/p>\n<p>Acess\u00f3rios s\u00e3o indispens\u00e1veis, e os acess\u00f3rios de cabe\u00e7a no carnaval, ent\u00e3o, mais ainda! Eles t\u00eam o poder de dar um up at\u00e9 mesmo naquele look mais basiquinho de t-shirt e short jeans. Invista nas plumas e brilhos para um visual mais sofisticado; caso queira algo mais casual, invista nos tem\u00e1ticos!<\/p>\n<p><strong>A onda dos tops<\/strong><\/p>\n<p>O ver\u00e3o pede roupas mais fresquinhas e no carnaval os tops est\u00e3o mais do que liberados! Eles j\u00e1 vinham fazendo a cabe\u00e7a da mulherada na temporada e nessa \u00e9poca do ano se voc\u00ea ainda n\u00e3o tinha aderido \u00e0 moda, pode se jogar sem medo! Tem o top ciganinha, os com paet\u00eas, nadador, o estilo faixa e vale at\u00e9 mesmo aquela parte de cima do biqu\u00edni que voc\u00ea adora! Para equilibrar prefira pe\u00e7as de cintura alta.<\/p>\n<p><img loading=\"lazy\" decoding=\"async\" class=\" size-full wp-image-91147\" src=\"http:\/\/diarioregionaljf.com.br\/wp-content\/uploads\/2018\/02\/diario-int-23817-6.jpg\" alt=\"TOPS 2.jpg\" width=\"459\" height=\"450\" srcset=\"https:\/\/diarioregionaldigital.com.br\/wp-content\/uploads\/2018\/02\/diario-int-23817-6.jpg 459w, https:\/\/diarioregionaldigital.com.br\/wp-content\/uploads\/2018\/02\/diario-int-23817-6-300x294.jpg 300w, https:\/\/diarioregionaldigital.com.br\/wp-content\/uploads\/2018\/02\/diario-int-23817-6-360x353.jpg 360w\" sizes=\"auto, (max-width: 459px) 100vw, 459px\" \/><\/p>\n<p><img loading=\"lazy\" decoding=\"async\" class=\" size-full wp-image-91148\" src=\"http:\/\/diarioregionaljf.com.br\/wp-content\/uploads\/2018\/02\/diario-int-23817-7.jpg\" alt=\"TOPS.jpg\" width=\"338\" height=\"450\" srcset=\"https:\/\/diarioregionaldigital.com.br\/wp-content\/uploads\/2018\/02\/diario-int-23817-7.jpg 338w, https:\/\/diarioregionaldigital.com.br\/wp-content\/uploads\/2018\/02\/diario-int-23817-7-225x300.jpg 225w\" sizes=\"auto, (max-width: 338px) 100vw, 338px\" \/><\/p>\n<p><strong>Pochete hologr\u00e1fica<\/strong><\/p>\n<p>J\u00e1 faz um tempo que a boa e velha pochete amea\u00e7a voltar. Mesmo com bons adeptos da pe\u00e7a, n\u00e3o existe \u00e9poca melhor para dar aquele up na produ\u00e7\u00e3o com esse item! No Carnaval de rua, a pochete hologr\u00e1fica vem com for\u00e7a total! Al\u00e9m da seguran\u00e7a e praticidade, a pe\u00e7a tem um ar l\u00fadico e combina com v\u00e1rias fantasias incr\u00edveis, inclusive a de unic\u00f3rnio, que promete bombar nos pr\u00f3ximos dias!<\/p>\n<p><img loading=\"lazy\" decoding=\"async\" class=\" size-full wp-image-91149\" src=\"http:\/\/diarioregionaljf.com.br\/wp-content\/uploads\/2018\/02\/diario-int-23817-8.jpeg\" alt=\"POCHETE OLOGRAFICA.jpeg\" width=\"400\" height=\"400\" srcset=\"https:\/\/diarioregionaldigital.com.br\/wp-content\/uploads\/2018\/02\/diario-int-23817-8.jpeg 400w, https:\/\/diarioregionaldigital.com.br\/wp-content\/uploads\/2018\/02\/diario-int-23817-8-150x150.jpeg 150w, https:\/\/diarioregionaldigital.com.br\/wp-content\/uploads\/2018\/02\/diario-int-23817-8-300x300.jpeg 300w, https:\/\/diarioregionaldigital.com.br\/wp-content\/uploads\/2018\/02\/diario-int-23817-8-180x180.jpeg 180w, https:\/\/diarioregionaldigital.com.br\/wp-content\/uploads\/2018\/02\/diario-int-23817-8-120x120.jpeg 120w, https:\/\/diarioregionaldigital.com.br\/wp-content\/uploads\/2018\/02\/diario-int-23817-8-360x360.jpeg 360w, https:\/\/diarioregionaldigital.com.br\/wp-content\/uploads\/2018\/02\/diario-int-23817-8-80x80.jpeg 80w\" sizes=\"auto, (max-width: 400px) 100vw, 400px\" \/><\/p>\n<p><strong>PARA ELES<\/strong><\/p>\n<p>Muita gente ainda estranha shorts mais curtos no guarda-roupa masculino, mas nesse ver\u00e3o a bermuda abaixo do joelho abriu alas pra essa pe\u00e7a mais moderninha! Os shorts acima do joelho tomaram as ruas e conquistaram espa\u00e7o na \u00e9poca mais quente do ano!<br \/>E com o Carnaval batendo \u00e0 porta, \u00e9 a ocasi\u00e3o perfeita pra investir nessa tend\u00eancia e se jogar nos bloquinhos, por exemplo, com cores vivas e estampas divertidas!<\/p>\n<p><img loading=\"lazy\" decoding=\"async\" class=\" size-full wp-image-91150\" src=\"http:\/\/diarioregionaljf.com.br\/wp-content\/uploads\/2018\/02\/diario-int-23817-9.jpeg\" alt=\"PRA ELES.jpeg\" width=\"318\" height=\"450\" srcset=\"https:\/\/diarioregionaldigital.com.br\/wp-content\/uploads\/2018\/02\/diario-int-23817-9.jpeg 318w, https:\/\/diarioregionaldigital.com.br\/wp-content\/uploads\/2018\/02\/diario-int-23817-9-212x300.jpeg 212w\" sizes=\"auto, (max-width: 318px) 100vw, 318px\" \/><\/p>\n<h4>BELEZA<\/h4>\n<p><strong>Iluminada<\/strong><\/p>\n<p>Carnaval \u00e9 \u00e9poca de brilhar, mas nem por isso vamos deixar de cuidar da pele n\u00e3o \u00e9 mesmo!? Para manter o brilho natural e dar aquele toque a mais, invista em hidratantes com iluminador, eles mant\u00e9m a pele hidratada e ainda te deixam com um brilho extra.<\/p>\n<p><img loading=\"lazy\" decoding=\"async\" class=\" size-full wp-image-91151\" src=\"http:\/\/diarioregionaljf.com.br\/wp-content\/uploads\/2018\/02\/diario-int-23817-10.jpg\" alt=\"iluminada.jpg\" width=\"450\" height=\"450\" srcset=\"https:\/\/diarioregionaldigital.com.br\/wp-content\/uploads\/2018\/02\/diario-int-23817-10.jpg 450w, https:\/\/diarioregionaldigital.com.br\/wp-content\/uploads\/2018\/02\/diario-int-23817-10-150x150.jpg 150w, https:\/\/diarioregionaldigital.com.br\/wp-content\/uploads\/2018\/02\/diario-int-23817-10-300x300.jpg 300w, https:\/\/diarioregionaldigital.com.br\/wp-content\/uploads\/2018\/02\/diario-int-23817-10-180x180.jpg 180w, https:\/\/diarioregionaldigital.com.br\/wp-content\/uploads\/2018\/02\/diario-int-23817-10-120x120.jpg 120w, https:\/\/diarioregionaldigital.com.br\/wp-content\/uploads\/2018\/02\/diario-int-23817-10-360x360.jpg 360w, https:\/\/diarioregionaldigital.com.br\/wp-content\/uploads\/2018\/02\/diario-int-23817-10-80x80.jpg 80w\" sizes=\"auto, (max-width: 450px) 100vw, 450px\" \/><\/p>\n<p><strong>Make<\/strong><\/p>\n<p>Decidiu cair na folia de \u00faltima hora e n\u00e3o pensou na fantasia? Sempre tem aquele truque de make incr\u00edvel pra te salvar! Em 2018 o Carnaval promete ser o mais brilhante de todos os tempos!<\/p>\n<p><img loading=\"lazy\" decoding=\"async\" class=\" size-full wp-image-91152\" src=\"http:\/\/diarioregionaljf.com.br\/wp-content\/uploads\/2018\/02\/diario-int-23817-11.jpeg\" alt=\"MAKE.jpeg\" width=\"340\" height=\"433\" srcset=\"https:\/\/diarioregionaldigital.com.br\/wp-content\/uploads\/2018\/02\/diario-int-23817-11.jpeg 340w, https:\/\/diarioregionaldigital.com.br\/wp-content\/uploads\/2018\/02\/diario-int-23817-11-236x300.jpeg 236w\" sizes=\"auto, (max-width: 340px) 100vw, 340px\" \/><\/p>\n<p>Ent\u00e3o al\u00e9m de abusar das cores, aposte tamb\u00e9m no glitter ou paet\u00eas para dar aquela vida que sua maquiagem festiva merece! Pode ser no delineado, nos l\u00e1bios ou com um iluminador mega exagerado. At\u00e9 mesmo nos ombros o brilho prop\u00f5e um efeito radiante!<\/p>\n<hr \/>\n<p><strong>COLABORADORAS<\/strong><br \/><strong>MARIANA MATOS<\/strong><br \/><strong>DEUSIANE DUARTE<\/strong><\/p>\n","protected":false},"excerpt":{"rendered":"<p>&nbsp; \u00c9 CARNAVAL Visando a \u00e9poca mais alegre do ano, diversas marcas investiram em pe\u00e7as pensadas para os dias de folia. In Moda trouxe alguns lan\u00e7amentos fresquinhos para voc\u00ea adquirir a fantasia do carnaval! Youcom A marca lan\u00e7ou uma cole\u00e7\u00e3o com v\u00e1rias op\u00e7\u00f5es para cair na folia, tem asa de borboleta, chocker com fitas coloridas [&hellip;]<\/p>\n","protected":false},"author":96,"featured_media":91141,"comment_status":"closed","ping_status":"closed","sticky":false,"template":"","format":"standard","meta":{"footnotes":""},"categories":[285],"tags":[],"class_list":["post-91153","post","type-post","status-publish","format-standard","has-post-thumbnail","hentry","category-moda-ana-paula-calixto"],"_links":{"self":[{"href":"https:\/\/diarioregionaldigital.com.br\/index.php?rest_route=\/wp\/v2\/posts\/91153","targetHints":{"allow":["GET"]}}],"collection":[{"href":"https:\/\/diarioregionaldigital.com.br\/index.php?rest_route=\/wp\/v2\/posts"}],"about":[{"href":"https:\/\/diarioregionaldigital.com.br\/index.php?rest_route=\/wp\/v2\/types\/post"}],"author":[{"embeddable":true,"href":"https:\/\/diarioregionaldigital.com.br\/index.php?rest_route=\/wp\/v2\/users\/96"}],"replies":[{"embeddable":true,"href":"https:\/\/diarioregionaldigital.com.br\/index.php?rest_route=%2Fwp%2Fv2%2Fcomments&post=91153"}],"version-history":[{"count":0,"href":"https:\/\/diarioregionaldigital.com.br\/index.php?rest_route=\/wp\/v2\/posts\/91153\/revisions"}],"wp:featuredmedia":[{"embeddable":true,"href":"https:\/\/diarioregionaldigital.com.br\/index.php?rest_route=\/wp\/v2\/media\/91141"}],"wp:attachment":[{"href":"https:\/\/diarioregionaldigital.com.br\/index.php?rest_route=%2Fwp%2Fv2%2Fmedia&parent=91153"}],"wp:term":[{"taxonomy":"category","embeddable":true,"href":"https:\/\/diarioregionaldigital.com.br\/index.php?rest_route=%2Fwp%2Fv2%2Fcategories&post=91153"},{"taxonomy":"post_tag","embeddable":true,"href":"https:\/\/diarioregionaldigital.com.br\/index.php?rest_route=%2Fwp%2Fv2%2Ftags&post=91153"}],"curies":[{"name":"wp","href":"https:\/\/api.w.org\/{rel}","templated":true}]}}