{"id":91140,"date":"2018-02-04T01:01:41","date_gmt":"2018-02-04T03:01:41","guid":{"rendered":"http:\/\/diarioregionaljf.com.br\/2018\/02\/04\/click-in-moda-fevereiro\/"},"modified":"2018-02-04T01:01:41","modified_gmt":"2018-02-04T03:01:41","slug":"click-in-moda-fevereiro","status":"publish","type":"post","link":"https:\/\/diarioregionaldigital.com.br\/?p=91140","title":{"rendered":"CLICK IN MODA &#8211; 4 Fevereiro 2018"},"content":{"rendered":"<p>O Click dessa semana \u00e9 em clima de carnaval e em dose dupla! A deslumbrante Mylla Moreira posou para as lentes do fot\u00f3grafo Leonardo Dares, com produ\u00e7\u00e3o de Diley Almeida, bodys Mac Moda Praia e beleza de Rayane Vilela!<\/p>\n<p><img loading=\"lazy\" decoding=\"async\" class=\" size-full wp-image-91138\" src=\"http:\/\/diarioregionaljf.com.br\/wp-content\/uploads\/2018\/02\/diario-int-23816-1.jpeg\" alt=\"CLICK IN MODA (1).jpeg\" style=\"display: block; margin-left: auto; margin-right: auto;\" width=\"360\" height=\"450\" srcset=\"https:\/\/diarioregionaldigital.com.br\/wp-content\/uploads\/2018\/02\/diario-int-23816-1.jpeg 360w, https:\/\/diarioregionaldigital.com.br\/wp-content\/uploads\/2018\/02\/diario-int-23816-1-240x300.jpeg 240w\" sizes=\"auto, (max-width: 360px) 100vw, 360px\" \/><\/p>\n<p><img loading=\"lazy\" decoding=\"async\" class=\" size-full wp-image-91139\" src=\"http:\/\/diarioregionaljf.com.br\/wp-content\/uploads\/2018\/02\/diario-int-23816-2.jpeg\" alt=\"CLICK IN MODA (2).jpeg\" style=\"display: block; margin-left: auto; margin-right: auto;\" width=\"385\" height=\"450\" srcset=\"https:\/\/diarioregionaldigital.com.br\/wp-content\/uploads\/2018\/02\/diario-int-23816-2.jpeg 385w, https:\/\/diarioregionaldigital.com.br\/wp-content\/uploads\/2018\/02\/diario-int-23816-2-257x300.jpeg 257w, https:\/\/diarioregionaldigital.com.br\/wp-content\/uploads\/2018\/02\/diario-int-23816-2-360x421.jpeg 360w\" sizes=\"auto, (max-width: 385px) 100vw, 385px\" \/><\/p>\n","protected":false},"excerpt":{"rendered":"<p>O Click dessa semana \u00e9 em clima de carnaval e em dose dupla! A deslumbrante Mylla Moreira posou para as lentes do fot\u00f3grafo Leonardo Dares, com produ\u00e7\u00e3o de Diley Almeida, bodys Mac Moda Praia e beleza de Rayane Vilela!<\/p>\n","protected":false},"author":96,"featured_media":91137,"comment_status":"closed","ping_status":"closed","sticky":false,"template":"","format":"standard","meta":{"footnotes":""},"categories":[285],"tags":[],"class_list":["post-91140","post","type-post","status-publish","format-standard","has-post-thumbnail","hentry","category-moda-ana-paula-calixto"],"_links":{"self":[{"href":"https:\/\/diarioregionaldigital.com.br\/index.php?rest_route=\/wp\/v2\/posts\/91140","targetHints":{"allow":["GET"]}}],"collection":[{"href":"https:\/\/diarioregionaldigital.com.br\/index.php?rest_route=\/wp\/v2\/posts"}],"about":[{"href":"https:\/\/diarioregionaldigital.com.br\/index.php?rest_route=\/wp\/v2\/types\/post"}],"author":[{"embeddable":true,"href":"https:\/\/diarioregionaldigital.com.br\/index.php?rest_route=\/wp\/v2\/users\/96"}],"replies":[{"embeddable":true,"href":"https:\/\/diarioregionaldigital.com.br\/index.php?rest_route=%2Fwp%2Fv2%2Fcomments&post=91140"}],"version-history":[{"count":0,"href":"https:\/\/diarioregionaldigital.com.br\/index.php?rest_route=\/wp\/v2\/posts\/91140\/revisions"}],"wp:featuredmedia":[{"embeddable":true,"href":"https:\/\/diarioregionaldigital.com.br\/index.php?rest_route=\/wp\/v2\/media\/91137"}],"wp:attachment":[{"href":"https:\/\/diarioregionaldigital.com.br\/index.php?rest_route=%2Fwp%2Fv2%2Fmedia&parent=91140"}],"wp:term":[{"taxonomy":"category","embeddable":true,"href":"https:\/\/diarioregionaldigital.com.br\/index.php?rest_route=%2Fwp%2Fv2%2Fcategories&post=91140"},{"taxonomy":"post_tag","embeddable":true,"href":"https:\/\/diarioregionaldigital.com.br\/index.php?rest_route=%2Fwp%2Fv2%2Ftags&post=91140"}],"curies":[{"name":"wp","href":"https:\/\/api.w.org\/{rel}","templated":true}]}}