{"id":91134,"date":"2018-02-04T00:53:52","date_gmt":"2018-02-04T02:53:52","guid":{"rendered":"http:\/\/diarioregionaljf.com.br\/2018\/02\/04\/transporte-urbano-de-juiz-de-fora-pode-parar\/"},"modified":"2018-02-04T00:53:52","modified_gmt":"2018-02-04T02:53:52","slug":"transporte-urbano-de-juiz-de-fora-pode-parar","status":"publish","type":"post","link":"https:\/\/diarioregionaldigital.com.br\/?p=91134","title":{"rendered":"Transporte urbano de Juiz de Fora pode parar"},"content":{"rendered":"<p>Rodovi\u00e1rios consideram paralisar as atividades caso o sindicato patronal n\u00e3o se manifeste com rela\u00e7\u00e3o ao reajuste salarial da classe.<\/p>\n<p>A categoria reivindica o cumprimento da data-base, que seria a \u00faltima quinta-feira, 1\u00b0 de fevereiro e a manuten\u00e7\u00e3o do acordo coletivo que foi firmado. Conforme o Sindicato dos Trabalhadores em Transporte Rodovi\u00e1rio de Juiz de Fora (Sinttro-JF), as negocia\u00e7\u00f5es come\u00e7aram h\u00e1 quatro meses, mas, at\u00e9 o momento, n\u00e3o houve avan\u00e7o.<br \/>Inicialmente, a proposta apresentada pelo Sinttro-JF aos empres\u00e1rios \u00e9 de 6% considerando a data base.<\/p>\n<p>Os rodovi\u00e1rios tamb\u00e9m pleiteiam aumento de pouco mais de 35% no vale-alimenta\u00e7\u00e3o, que atualmente \u00e9 R$310 e passaria para R$420, alem de redu\u00e7\u00e3o da jornada de trabalho de 7h20 para 6h40, bem como reajuste no intervalo entre jornadas.<\/p>\n<p>Apesar de toda movimenta\u00e7\u00e3o, no final de janeiro o patronal informou \u00e0 categoria que n\u00e3o garantiria a data base. \u201cForam realizadas duas reuni\u00f5es com os patr\u00f5es. O acordo coletivo prev\u00ea a garantia do reajuste em primeiro de fevereiro, mas eles n\u00e3o confirmaram.<\/p>\n<p>Estamos aguardando o posicionamento deles, e se nada for definido, iremos agendar uma assembleia geral com a categoria para ver se iremos cruzar os bra\u00e7os ou o que faremos em torno das negocia\u00e7\u00f5es\u201d, afirma o presidente do Sinttro-JF, Vagner Evangelista. \u201cOs trabalhadores est\u00e3o na expectativa do reajuste e o valor que ser\u00e1 apresentado. Se n\u00e3o houver negocia\u00e7\u00e3o, o transporte coletivo ir\u00e1 parar, e, infelizmente, quem paga \u00e9 a popula\u00e7\u00e3o\u201d, acrescenta.<\/p>\n<p>De acordo com Evangelista, os sindicatos se reunir\u00e3o novamente na pr\u00f3xima semana para tratar o reajuste.<\/p>\n<h4>NOTA DO CINTURB<\/h4>\n<p>A assessoria dos Cons\u00f3rcios Integrados de Transporte Coletivo (Cinturb) confirmou o encontro para os pr\u00f3ximos dias e, em nota, afirma que a pauta chegou ao \u00f3rg\u00e3o em dezembro, mas as conversas n\u00e3o se iniciaram por conta das festividades de fim de ano. No entanto, \u201clogo no in\u00edcio de janeiro, t\u00e3o logo obtivemos retorno do Sinttro a respeito da melhor data, iniciamos negocia\u00e7\u00e3o, j\u00e1 com duas rodadas e uma reuni\u00e3o programada para a pr\u00f3xima semana\u201d, diz trecho do texto.<\/p>\n","protected":false},"excerpt":{"rendered":"<p>Rodovi\u00e1rios consideram paralisar as atividades caso o sindicato patronal n\u00e3o se manifeste com rela\u00e7\u00e3o ao reajuste salarial da classe. A categoria reivindica o cumprimento da data-base, que seria a \u00faltima quinta-feira, 1\u00b0 de fevereiro e a manuten\u00e7\u00e3o do acordo coletivo que foi firmado. Conforme o Sindicato dos Trabalhadores em Transporte Rodovi\u00e1rio de Juiz de Fora [&hellip;]<\/p>\n","protected":false},"author":96,"featured_media":91133,"comment_status":"closed","ping_status":"closed","sticky":false,"template":"","format":"standard","meta":{"footnotes":""},"categories":[253],"tags":[],"class_list":["post-91134","post","type-post","status-publish","format-standard","has-post-thumbnail","hentry","category-cidade"],"_links":{"self":[{"href":"https:\/\/diarioregionaldigital.com.br\/index.php?rest_route=\/wp\/v2\/posts\/91134","targetHints":{"allow":["GET"]}}],"collection":[{"href":"https:\/\/diarioregionaldigital.com.br\/index.php?rest_route=\/wp\/v2\/posts"}],"about":[{"href":"https:\/\/diarioregionaldigital.com.br\/index.php?rest_route=\/wp\/v2\/types\/post"}],"author":[{"embeddable":true,"href":"https:\/\/diarioregionaldigital.com.br\/index.php?rest_route=\/wp\/v2\/users\/96"}],"replies":[{"embeddable":true,"href":"https:\/\/diarioregionaldigital.com.br\/index.php?rest_route=%2Fwp%2Fv2%2Fcomments&post=91134"}],"version-history":[{"count":0,"href":"https:\/\/diarioregionaldigital.com.br\/index.php?rest_route=\/wp\/v2\/posts\/91134\/revisions"}],"wp:featuredmedia":[{"embeddable":true,"href":"https:\/\/diarioregionaldigital.com.br\/index.php?rest_route=\/wp\/v2\/media\/91133"}],"wp:attachment":[{"href":"https:\/\/diarioregionaldigital.com.br\/index.php?rest_route=%2Fwp%2Fv2%2Fmedia&parent=91134"}],"wp:term":[{"taxonomy":"category","embeddable":true,"href":"https:\/\/diarioregionaldigital.com.br\/index.php?rest_route=%2Fwp%2Fv2%2Fcategories&post=91134"},{"taxonomy":"post_tag","embeddable":true,"href":"https:\/\/diarioregionaldigital.com.br\/index.php?rest_route=%2Fwp%2Fv2%2Ftags&post=91134"}],"curies":[{"name":"wp","href":"https:\/\/api.w.org\/{rel}","templated":true}]}}