{"id":91132,"date":"2018-02-04T00:50:59","date_gmt":"2018-02-04T02:50:59","guid":{"rendered":"http:\/\/diarioregionaljf.com.br\/2018\/02\/04\/especialistas-dao-dicas-de-seguranca-para-a-volta-as-aulas\/"},"modified":"2018-02-04T00:50:59","modified_gmt":"2018-02-04T02:50:59","slug":"especialistas-dao-dicas-de-seguranca-para-a-volta-as-aulas","status":"publish","type":"post","link":"https:\/\/diarioregionaldigital.com.br\/?p=91132","title":{"rendered":"Especialistas d\u00e3o dicas de seguran\u00e7a para a volta \u00e0s aulas"},"content":{"rendered":"<p>Todos os anos, cerca de 40 mil crian\u00e7as e adolescentes desaparecem no pa\u00eds. A \u00e9poca de volta \u00e0s aulas \u00e9 caracterizada pelo aumento na circula\u00e7\u00e3o de pessoas nas ruas, e tamb\u00e9m pela a\u00e7\u00e3o de cidad\u00e3os mal intencionados, que utilizam o in\u00edcio do per\u00edodo letivo para praticar crimes. Pensando nisso, especialistas, a pedido da reportagem do Di\u00e1rio Regional, deram algumas dicas para evitar essas situa\u00e7\u00f5es.<\/p>\n<p>A delegada Sheila Oliveira explica que uma situa\u00e7\u00e3o recorrente nesse per\u00edodo \u00e9 a superexposi\u00e7\u00e3o das crian\u00e7as em redes sociais. Ela alerta que, apesar de vivermos em um mundo conectado, em que \u00e9 comum compartilhar fotos e informa\u00e7\u00f5es do cotidiano, os pais devem tomar certos cuidados. \u201cOs pais devem evitar compartilhar no Facebook, Instagram ou em outras redes, as fotos das crian\u00e7as com uniforme escolar. Com o in\u00edcio das aulas, eles tendem a postar fotografias que fazem alus\u00e3o ao primeiro dia da crian\u00e7a na escola. Entretanto, as redes est\u00e3o carregadas de pessoas desconhecidas, que aproveitam essas situa\u00e7\u00f5es para pegar informa\u00e7\u00f5es e praticar os falsos sequestros, golpes e at\u00e9 mesmo o rapto real das crian\u00e7as\u201d, diz.<\/p>\n<p>Sheila lembra que as crian\u00e7as devem ser orientadas a evitar contato com estranhos. \u201cTem que ter um cuidado especial e n\u00e3o aceitar nada de pessoas desconhecidas, como balas ou doces. Na sa\u00edda da escola, os filhos devem aguardar o respons\u00e1vel que ir\u00e1 busc\u00e1-lo chegar e n\u00e3o aceitar carona de estranhos\u201d, orienta.<\/p>\n<p>Os pais devem garantir a seguran\u00e7a dos filhos. \u201cPor conta do hor\u00e1rio de entrada e sa\u00edda da escola, os pais param os carros em fila dupla e deixam as crian\u00e7as atravessarem no meio de outros carros at\u00e9 chegarem ao port\u00e3o da escola.<\/p>\n<p>Por estarem parados em local irregular, \u00e9 comum que a tens\u00e3o de ser multado fa\u00e7a com que eles n\u00e3o acompanhem a chegada dos filhos no col\u00e9gio. \u00c9 ai que mora o perigo, pois algum criminoso pode aproveitar essa distra\u00e7\u00e3o e levar a crian\u00e7a ou ela pode vir a ser atropelada\u201d, lembra.<\/p>\n<p>Caso a crian\u00e7a v\u00e1 para a escola sem a companhia do respons\u00e1vel, deve optar por andar em grupo. A dica, segundo Luciano Franco Ribeiro, presidente da Comiss\u00e3o de Defesa dos Direitos das Crian\u00e7as, Adolescentes e Jovens da Ordem dos Advogados do Brasil Subse\u00e7\u00e3o Juiz de Fora (OAB\/JF), \u00e9 criar uma rede de amigos. \u201cAtrav\u00e9s dessa atitude, ele ir\u00e1 conhecer os colegas da escola que fazem o mesmo caminho do filho durante a ida e a volta para casa\u201d, afirma.<\/p>\n<p>Ribeiro refor\u00e7a que zelar pela seguran\u00e7a \u00e9 uma a\u00e7\u00e3o conjunta entre escola e respons\u00e1vel. \u201cA partir do momento em que a crian\u00e7a adentra no col\u00e9gio, a institui\u00e7\u00e3o \u00e9 respons\u00e1vel. Mas os pais devem garantir que os filhos cheguem at\u00e9 a escola. \u00c9 uma parceria que beneficia todo mundo\u201d, ressalta.<\/p>\n<p>Em caso de atitudes suspeitas ou sumi\u00e7o de alguma crian\u00e7a, a pol\u00edcia deve ser comunicada imediatamente. \u201cInicialmente, cabe \u00e0 escola averiguar pessoas suspeitas, o tr\u00e1fico de drogas no entorno e chamar a pol\u00edcia. J\u00e1 os pais que constatarem alguma anormalidade na rotina do filho, demora ao sair da escola ou chegar em casa, tamb\u00e9m deve imediatamente comunicar \u00e0s autoridades\u201d, frisa o advogado.<\/p>\n<h4>OUTRAS DICAS<\/h4>\n<p>&#8211; A crian\u00e7a deve saber seu nome completo e os dos pais, seu endere\u00e7o e o telefone de contato dos respons\u00e1veis.<br \/>&#8211; Os pais devem explicar para os filhos que, se eles se perderem, devem procurar um policial que estiver pr\u00f3ximo.<br \/>&#8211; As mudan\u00e7as no comportamento dos filhos devem ser observadas.<br \/>&#8211; Nunca deixe a crian\u00e7a sozinha em locais acessados por desconhecidos.<br \/>&#8211; Diga para a crian\u00e7a gritar bem alto no caso de algu\u00e9m tentar lev\u00e1-la.<br \/>&#8211; Evite sair com crian\u00e7as em locais com pouca ilumina\u00e7\u00e3o.<br \/>&#8211; Ao estacionar o ve\u00edculo, certifique-se de que seu filho ir\u00e1 descer em um local seguro.<br \/>&#8211; Oriente seus filhos a usarem com descri\u00e7\u00e3o os celulares, notebooks e outros equipamentos eletr\u00f4nicos.<\/p>\n","protected":false},"excerpt":{"rendered":"<p>Todos os anos, cerca de 40 mil crian\u00e7as e adolescentes desaparecem no pa\u00eds. A \u00e9poca de volta \u00e0s aulas \u00e9 caracterizada pelo aumento na circula\u00e7\u00e3o de pessoas nas ruas, e tamb\u00e9m pela a\u00e7\u00e3o de cidad\u00e3os mal intencionados, que utilizam o in\u00edcio do per\u00edodo letivo para praticar crimes. Pensando nisso, especialistas, a pedido da reportagem do [&hellip;]<\/p>\n","protected":false},"author":96,"featured_media":91131,"comment_status":"closed","ping_status":"closed","sticky":false,"template":"","format":"standard","meta":{"footnotes":""},"categories":[253],"tags":[],"class_list":["post-91132","post","type-post","status-publish","format-standard","has-post-thumbnail","hentry","category-cidade"],"_links":{"self":[{"href":"https:\/\/diarioregionaldigital.com.br\/index.php?rest_route=\/wp\/v2\/posts\/91132","targetHints":{"allow":["GET"]}}],"collection":[{"href":"https:\/\/diarioregionaldigital.com.br\/index.php?rest_route=\/wp\/v2\/posts"}],"about":[{"href":"https:\/\/diarioregionaldigital.com.br\/index.php?rest_route=\/wp\/v2\/types\/post"}],"author":[{"embeddable":true,"href":"https:\/\/diarioregionaldigital.com.br\/index.php?rest_route=\/wp\/v2\/users\/96"}],"replies":[{"embeddable":true,"href":"https:\/\/diarioregionaldigital.com.br\/index.php?rest_route=%2Fwp%2Fv2%2Fcomments&post=91132"}],"version-history":[{"count":0,"href":"https:\/\/diarioregionaldigital.com.br\/index.php?rest_route=\/wp\/v2\/posts\/91132\/revisions"}],"wp:featuredmedia":[{"embeddable":true,"href":"https:\/\/diarioregionaldigital.com.br\/index.php?rest_route=\/wp\/v2\/media\/91131"}],"wp:attachment":[{"href":"https:\/\/diarioregionaldigital.com.br\/index.php?rest_route=%2Fwp%2Fv2%2Fmedia&parent=91132"}],"wp:term":[{"taxonomy":"category","embeddable":true,"href":"https:\/\/diarioregionaldigital.com.br\/index.php?rest_route=%2Fwp%2Fv2%2Fcategories&post=91132"},{"taxonomy":"post_tag","embeddable":true,"href":"https:\/\/diarioregionaldigital.com.br\/index.php?rest_route=%2Fwp%2Fv2%2Ftags&post=91132"}],"curies":[{"name":"wp","href":"https:\/\/api.w.org\/{rel}","templated":true}]}}