{"id":91130,"date":"2018-02-04T00:47:13","date_gmt":"2018-02-04T02:47:13","guid":{"rendered":"http:\/\/diarioregionaljf.com.br\/2018\/02\/04\/quanto-e-bela-uma-vela-acesa\/"},"modified":"2018-04-16T08:05:40","modified_gmt":"2018-04-16T11:05:40","slug":"quanto-e-bela-uma-vela-acesa","status":"publish","type":"post","link":"https:\/\/diarioregionaldigital.com.br\/?p=91130","title":{"rendered":"Quanto \u00e9 bela uma vela acesa!"},"content":{"rendered":"<p>Em geral, os atos religiosos de qualquer credo se expressam por s\u00edmbolos. Nem poderia ser diferente, pois a f\u00e9 se d\u00e1 por crer naquilo que n\u00e3o se v\u00ea. Por\u00e9m, a comunica\u00e7\u00e3o se faz por sinais sens\u00edveis, empregando-se os cinco sentidos naturais: a vista, o ouvido, o olfato, o tato e o paladar. Religi\u00e3o \u00e9 comunica\u00e7\u00e3o entre Deus e a humanidade, entre a humanidade e Deus, de forma pessoal ou comunit\u00e1ria. Cristo \u00e9, em pessoa, o \u00fanico comunicador entre os seres humanos e Deus. Todos os s\u00edmbolos da f\u00e9 servem unicamente para expressar esta verdade.<\/p>\n<p>Um dos s\u00edmbolos visuais mais belos e significativos da f\u00e9 crist\u00e3 \u00e9 a vela acesa. Ela nos leva a compreender melhor a luz de Deus que nunca se apaga, e sem a qual \u00e9 imposs\u00edvel acertar o caminho. A luz de Deus \u00e9 Cristo, como ele mesmo afirmara: \u201cEu sou a luz do mundo, quem me segue n\u00e3o andar\u00e1 nas trevas, mas ter\u00e1 a luz da vida!\u201d (Jo 8,12).<\/p>\n<p>No dia 2 de fevereiro, a liturgia crist\u00e3 celebra, desde os primeiros s\u00e9culos, a Festa da Luz, quando os f\u00e9is, com velas acesas nas m\u00e3os, caminham pela via de aceso mais pr\u00f3xima, para ent\u00e3o recordar a \u2018Apresenta\u00e7\u00e3o do Menino Jesus no Templo de Jerusal\u00e9m\u2019. O texto b\u00edblico (Lc 2, 22-35) descreve a cena de Maria e Jos\u00e9, com seu Menino Jesus,adentrando ao Templo e encontrando-se com duas pessoas idosas iluminadas pela luz da f\u00e9. Eram o velho Sime\u00e3o e a octogen\u00e1ria Profetisa Ana, almas de Deus que viviam na viva esperan\u00e7a do cumprimento das promessas do Alt\u00edssimo.<\/p>\n<p>Naquela hora, disseram coisas muito especiais, prorrompendo cora\u00e7\u00e3o de justo anci\u00e3o em ora\u00e7\u00e3o, que assim pode ser resumida: \u201cAgora posso descansar em paz, pois meus olhos viram a Salva\u00e7\u00e3o&#8230;luz para todos os povos\u201d (cf. Lc 2, 29-32). Tal canto \u00e9 t\u00e3o caro \u00e0 Igreja que \u00e9 posto na Liturgia das Horas, para que seja rezada, todos as noites, antes do repouso noturno, recordando que Cristo \u00e9 a verdadeira luz que ilumina as trevas e que vence a escurid\u00e3o de todas as noites existenciais que possam surgir. Ana se p\u00f4s a louvar a Deus e a falar sobre o Menino a todos que aguardavam a salva\u00e7\u00e3o, iluminando a esperan\u00e7a nos cora\u00e7\u00f5es.<\/p>\n<p>A Festa lit\u00fargica da \u2018Apresenta\u00e7\u00e3o do Senhor\u2019 est\u00e1 colocada cerca de 40 dias depois do Natal, quando a Luz surgiu nas trevas, e, ao mesmo tempo, aponta para a P\u00e1scoa, quando se acender\u00e1 o c\u00edrio pascal, s\u00edmbolo do Cristo Ressuscitado, vencedor das trevas do pecado e da morte.<\/p>\n<p>Maria, a M\u00e3e do Salvador, comparece como aquela que sabe ouvir, a Virgem oferente que sabe ofertar tudo de si a Deus. A ela Sime\u00e3o anuncia alegrias e dores, prenunciando a paix\u00e3o do Senhor, quando se refere a m\u00edstica espada que lhe atravessar\u00e1 a alma.<\/p>\n<p>A partir desta particular participa\u00e7\u00e3o de Maria na a\u00e7\u00e3o redentora de Cristo, neste dia se celebram especais louvores \u00e0 Virgem Sant\u00edssima, com v\u00e1rios t\u00edtulos, todos relacionados a Cristo, luz das na\u00e7\u00f5es e gl\u00f3ria de Israel, sobretudo Nossa Senhora da Candel\u00e1ria, das Candeias, da Luz, do Bom Sucesso e outros.<\/p>\n<p>A data das festas crist\u00e3s \u00e9 tamb\u00e9m simb\u00f3lica, pois n\u00e3o \u00e9 poss\u00edvel precisar qual o dia exato do nascimento de Cristo e nem a data corret\u00edssima da morte e ressurrei\u00e7\u00e3o do Senhor, mesmo porque o calend\u00e1rio de hoje n\u00e3o \u00e9 o mesmo da \u00e9poca dos fatos.<\/p>\n<p>No oriente, antigamente, se celebrava a natividade do Senhor no dia 6 de janeiro e a Apresenta\u00e7\u00e3o, no dia 15 de fevereiro. Houve regi\u00f5es que chegaram a celebrar a P\u00e1scoa em dia fixo e houve ocasi\u00e3o em que o ano come\u00e7ava com a festa da Encarna\u00e7\u00e3o do Verbo, que se dava no dia referente hoje a 25 de mar\u00e7o, dia da Anuncia\u00e7\u00e3o do Senhor. Da\u00ed a origem do nome Abril para o primeiro m\u00eas daquele calend\u00e1rio, e a sequ\u00eancia de setembro, outubro, novembro e dezembro, correspondentes aos s\u00e9timo, oitavo, nono e d\u00e9cimo m\u00eas. No atual calend\u00e1rio que seguimos no ocidente, chamado Calend\u00e1rio Gregoriano, tais meses n\u00e3o correspondem mais ao seu n\u00famero sequencial, mas s\u00e3o conservados por motivos pr\u00e1ticos e hist\u00f3ricos.<\/p>\n<p>O tempo, o espa\u00e7o, os cora\u00e7\u00f5es, a vida e n\u00f3s mesmos somos, pela f\u00e9, iluminados pela luz de Cristo simbolizado pelas velas acesas que utilizamos na liturgia ou em qualquer espa\u00e7o reservado ao amor de Deus.<\/p>\n<hr \/>\n<p><strong>Dom Gil Ant\u00f4nio Moreira &#8211; Arcebispo Metropolitano de Juiz de Fora<\/strong><\/p>\n<p><img loading=\"lazy\" decoding=\"async\" class=\" size-full wp-image-91129\" src=\"http:\/\/diarioregionaljf.com.br\/wp-content\/uploads\/2018\/02\/diario-int-23812-1.JPG\" alt=\"Dom Gil.JPG\" width=\"142\" height=\"213\" srcset=\"https:\/\/diarioregionaldigital.com.br\/wp-content\/uploads\/2018\/02\/diario-int-23812-1.JPG 300w, https:\/\/diarioregionaldigital.com.br\/wp-content\/uploads\/2018\/02\/diario-int-23812-1-200x300.jpg 200w\" sizes=\"auto, (max-width: 142px) 100vw, 142px\" \/><\/p>\n","protected":false},"excerpt":{"rendered":"<p>Em geral, os atos religiosos de qualquer credo se expressam por s\u00edmbolos. Nem poderia ser diferente, pois a f\u00e9 se d\u00e1 por crer naquilo que n\u00e3o se v\u00ea. Por\u00e9m, a comunica\u00e7\u00e3o se faz por sinais sens\u00edveis, empregando-se os cinco sentidos naturais: a vista, o ouvido, o olfato, o tato e o paladar. Religi\u00e3o \u00e9 comunica\u00e7\u00e3o [&hellip;]<\/p>\n","protected":false},"author":96,"featured_media":91128,"comment_status":"closed","ping_status":"closed","sticky":false,"template":"","format":"standard","meta":{"footnotes":""},"categories":[276],"tags":[],"class_list":["post-91130","post","type-post","status-publish","format-standard","has-post-thumbnail","hentry","category-dom-gil"],"_links":{"self":[{"href":"https:\/\/diarioregionaldigital.com.br\/index.php?rest_route=\/wp\/v2\/posts\/91130","targetHints":{"allow":["GET"]}}],"collection":[{"href":"https:\/\/diarioregionaldigital.com.br\/index.php?rest_route=\/wp\/v2\/posts"}],"about":[{"href":"https:\/\/diarioregionaldigital.com.br\/index.php?rest_route=\/wp\/v2\/types\/post"}],"author":[{"embeddable":true,"href":"https:\/\/diarioregionaldigital.com.br\/index.php?rest_route=\/wp\/v2\/users\/96"}],"replies":[{"embeddable":true,"href":"https:\/\/diarioregionaldigital.com.br\/index.php?rest_route=%2Fwp%2Fv2%2Fcomments&post=91130"}],"version-history":[{"count":0,"href":"https:\/\/diarioregionaldigital.com.br\/index.php?rest_route=\/wp\/v2\/posts\/91130\/revisions"}],"wp:featuredmedia":[{"embeddable":true,"href":"https:\/\/diarioregionaldigital.com.br\/index.php?rest_route=\/wp\/v2\/media\/91128"}],"wp:attachment":[{"href":"https:\/\/diarioregionaldigital.com.br\/index.php?rest_route=%2Fwp%2Fv2%2Fmedia&parent=91130"}],"wp:term":[{"taxonomy":"category","embeddable":true,"href":"https:\/\/diarioregionaldigital.com.br\/index.php?rest_route=%2Fwp%2Fv2%2Fcategories&post=91130"},{"taxonomy":"post_tag","embeddable":true,"href":"https:\/\/diarioregionaldigital.com.br\/index.php?rest_route=%2Fwp%2Fv2%2Ftags&post=91130"}],"curies":[{"name":"wp","href":"https:\/\/api.w.org\/{rel}","templated":true}]}}