{"id":91127,"date":"2018-02-04T00:38:44","date_gmt":"2018-02-04T02:38:44","guid":{"rendered":"http:\/\/diarioregionaljf.com.br\/2018\/02\/04\/e-preciso-fazer-alguma-coisa-2\/"},"modified":"2018-04-16T08:10:37","modified_gmt":"2018-04-16T11:10:37","slug":"e-preciso-fazer-alguma-coisa-2","status":"publish","type":"post","link":"https:\/\/diarioregionaldigital.com.br\/?p=91127","title":{"rendered":"\u00c9 preciso fazer alguma coisa&#8230;"},"content":{"rendered":"<p>Quando a fantasia toma o lugar da realidade, estamos diante de um problema. Se o indiv\u00edduo passa a vida inteira fingindo que gosta de si, sem conseguir superar aquelas cren\u00e7as negativas que absorveu quando pequeno, o problema pode ser s\u00e9rio. Nesses casos, a \u00fanica solu\u00e7\u00e3o \u00e9 o indiv\u00edduo entrar em contato com a crian\u00e7a que tem dentro de si e dar a ela todo o cuidado, carinho e aten\u00e7\u00e3o de que ela necessita.<\/p>\n<h4>Cuidando da auto-estima &#8211; Relaxamento<\/h4>\n<p>O relaxamento \u00e9 fundamental para aumentar a auto-estima. Na escola, n\u00f3s aprendemos que o trabalho enobrece e faz bem \u00e0 sa\u00fade. Isso \u00e9 verdade. H\u00e1 pessoas que trabalham muito e se queixam de estresse, mas o estresse pode ser positivo. Desde que esteja ligado \u00e0 emo\u00e7\u00e3o de realizar coisas, o estresse traz energia. O problema surge quando o estresse \u00e9 resultado apenas de preocupa\u00e7\u00e3o e ansiedade: a\u00ed, ele \u00e9 prejudicial. Nesse caso, ele nem se chama estresse &#8211; chama-se distresse.<\/p>\n<p>Esse lado construtivo do trabalho \u00e9 verdadeiro apenas quando permitimos que a nossa mente relaxe. Quando relaxamos, travamos contato com o inconsciente e deixamos que ele harmonize o nosso trabalho com a nossa finalidade de vida.<\/p>\n<p>Quem s\u00f3 trabalha, vira um rob\u00f4: acorda de manh\u00e3 para trabalhar, come para trabalhar, dorme para trabalhar. \u00c9 muito importante relaxar. Relaxando, voc\u00ea n\u00e3o se separa de si mesmo.<\/p>\n<p>\u00c9 poss\u00edvel relaxar a qualquer hora, em qualquer lugar. Voc\u00ea s\u00f3 precisa saber que isso \u00e9 necess\u00e1rio.<br \/>Exis\u00actem diversas t\u00e9cnicas de relaxamento, e todas s\u00e3o v\u00e1lidas: respira\u00e7\u00e3o, m\u00fasicas especiais, medita\u00e7\u00e3o, ioga, massagem, etc. Procure uma de que goste e pratique-a.<\/p>\n<h4>Visualiza\u00e7\u00e3o<\/h4>\n<p>Quando voc\u00ea faz uma visualiza\u00e7\u00e3o bem-feita, sua mente n\u00e3o distingue se o fato aconteceu de verdade ou se foi mentalmente criado. Existe uma experi\u00eancia, feita na Universidade de Yale, nos Estados Unidos, que ilustra bem este assunto. Observe: foram escolhidos trinta estudantes que nunca haviam atirado. Todos fizeram testes de tiro ao alvo e foram selecionados por\u00acque obtiveram a mesma m\u00e9dia de acerto. Depois disso, eles foram divididos em tr\u00eas grupos, que treinaram da seguinte forma:<\/p>\n<p>\u2022 O primeiro grupo treinou vinte minutos por dia, cinco dias por semana, durante seis semanas.<br \/>\u2022 O segundo grupo compareceu ao local de treinamento o mesmo n\u00famero de vezes que o primeiro, mas apenas se imaginou atirando no alvo, fazendo com as m\u00e3os o gesto de atirar.<br \/>\u2022 O terceiro grupo com\u00acparecia ao local dos treinos, mas ficava brincando \u00e0 toa.Depois de seis semanas, os testes de tiro ao alvo foram repetidos:<br \/>\u2022 O primeiro grupo, que havia treinado com rev\u00f3lver, melhorou 83%.<br \/>\u2022 O segundo, que apenas visualizou os tiros e o alvo, melhorou 82%.<br \/>\u2022 O terceiro, que ficou \u00e0 toa, apre\u00acsentou o mesmo desempenho anterior.<br \/>Conclus\u00e3o: o rev\u00f3lver, usado no treinamento do primeiro grupo, serviu apenas como instrumento para manter a mente, assim como as m\u00e3os e os olhos, concentrada.<\/p>\n<hr \/>\n<p>&nbsp;<\/p>\n<p><strong>Dr. Lair Ribeiro &#8211; M\u00e9dico Cardiologista. Palestrante internacional, ex-diretor da Merck Sharp &amp; Dohme e da Ciba-Geigy Corporation, nos Estados Unidos, e autor de v\u00e1rios livros que se tornaram best-sellers no Brasil e em pa\u00edses da Am\u00e9rica Latina e da Europa.<\/strong><\/p>\n<p><img loading=\"lazy\" decoding=\"async\" class=\" size-full wp-image-91126\" src=\"http:\/\/diarioregionaljf.com.br\/wp-content\/uploads\/2018\/02\/diario-int-23811-1.png\" alt=\"Lair Ribeiro.png\" width=\"134\" height=\"158\" srcset=\"https:\/\/diarioregionaldigital.com.br\/wp-content\/uploads\/2018\/02\/diario-int-23811-1.png 354w, https:\/\/diarioregionaldigital.com.br\/wp-content\/uploads\/2018\/02\/diario-int-23811-1-253x300.png 253w\" sizes=\"auto, (max-width: 134px) 100vw, 134px\" \/><\/p>\n","protected":false},"excerpt":{"rendered":"<p>Quando a fantasia toma o lugar da realidade, estamos diante de um problema. Se o indiv\u00edduo passa a vida inteira fingindo que gosta de si, sem conseguir superar aquelas cren\u00e7as negativas que absorveu quando pequeno, o problema pode ser s\u00e9rio. Nesses casos, a \u00fanica solu\u00e7\u00e3o \u00e9 o indiv\u00edduo entrar em contato com a crian\u00e7a que [&hellip;]<\/p>\n","protected":false},"author":96,"featured_media":91125,"comment_status":"closed","ping_status":"closed","sticky":false,"template":"","format":"standard","meta":{"footnotes":""},"categories":[274],"tags":[],"class_list":["post-91127","post","type-post","status-publish","format-standard","has-post-thumbnail","hentry","category-dr-lair-ribeiro"],"_links":{"self":[{"href":"https:\/\/diarioregionaldigital.com.br\/index.php?rest_route=\/wp\/v2\/posts\/91127","targetHints":{"allow":["GET"]}}],"collection":[{"href":"https:\/\/diarioregionaldigital.com.br\/index.php?rest_route=\/wp\/v2\/posts"}],"about":[{"href":"https:\/\/diarioregionaldigital.com.br\/index.php?rest_route=\/wp\/v2\/types\/post"}],"author":[{"embeddable":true,"href":"https:\/\/diarioregionaldigital.com.br\/index.php?rest_route=\/wp\/v2\/users\/96"}],"replies":[{"embeddable":true,"href":"https:\/\/diarioregionaldigital.com.br\/index.php?rest_route=%2Fwp%2Fv2%2Fcomments&post=91127"}],"version-history":[{"count":0,"href":"https:\/\/diarioregionaldigital.com.br\/index.php?rest_route=\/wp\/v2\/posts\/91127\/revisions"}],"wp:featuredmedia":[{"embeddable":true,"href":"https:\/\/diarioregionaldigital.com.br\/index.php?rest_route=\/wp\/v2\/media\/91125"}],"wp:attachment":[{"href":"https:\/\/diarioregionaldigital.com.br\/index.php?rest_route=%2Fwp%2Fv2%2Fmedia&parent=91127"}],"wp:term":[{"taxonomy":"category","embeddable":true,"href":"https:\/\/diarioregionaldigital.com.br\/index.php?rest_route=%2Fwp%2Fv2%2Fcategories&post=91127"},{"taxonomy":"post_tag","embeddable":true,"href":"https:\/\/diarioregionaldigital.com.br\/index.php?rest_route=%2Fwp%2Fv2%2Ftags&post=91127"}],"curies":[{"name":"wp","href":"https:\/\/api.w.org\/{rel}","templated":true}]}}