{"id":91122,"date":"2018-02-04T00:17:05","date_gmt":"2018-02-04T02:17:05","guid":{"rendered":"http:\/\/diarioregionaljf.com.br\/2018\/02\/04\/separamos-opcoes-para-pular-o-melhor-carnaval-de-minas-gerais\/"},"modified":"2018-02-04T00:17:05","modified_gmt":"2018-02-04T02:17:05","slug":"separamos-opcoes-para-pular-o-melhor-carnaval-de-minas-gerais","status":"publish","type":"post","link":"https:\/\/diarioregionaldigital.com.br\/?p=91122","title":{"rendered":"Separamos op\u00e7\u00f5es para pular o melhor carnaval de Minas Gerais"},"content":{"rendered":"<p>A hospitalidade do povo mineiro se reconhece facilmente tamb\u00e9m na \u00e9poca das comemora\u00e7\u00f5es. No Carnaval de rua belo-rizontino, que ir\u00e1 aquecer os tamborins com os desfiles das Escolas de Samba no dia 13 de fevereiro, na Avenida Afonso Pena, as festividades tamb\u00e9m se concentram em mais de 480 blocos de rua, desfiles caricatos e shows em nove palcos distribu\u00eddos pela cidade.<\/p>\n<p>Durante os cinco dias de folia, as cidades hist\u00f3ricas se transformam. Com programa\u00e7\u00f5es imperd\u00edveis, as cidades de Ouro Preto, Mariana, Sabar\u00e1, Tiradentes e S\u00e3o Jo\u00e3o Del Rei, prometem agenda diversificada e gratuita para este ano. As manifesta\u00e7\u00f5es art\u00edsticas re\u00fanem marchinhas, desfiles de blocos caricatos e bandas locais para alegrar a festa.<\/p>\n<p>Em Bonfim, a mais ou menos 297 km da cidade de Juiz de Fora, acontece anualmente o tradicional &#8220;Carnaval a Cavalo&#8221;. O aguardado evento \u00e9 destaque entre moradores e visitantes de todo o Estado que aproveitam para curtir os festejos e o clima de interior t\u00e3o perto da capital Belo Horizonte.<\/p>\n<p>Os shows e desfiles acontecem entre os dias 9 e 13 de fevereiro. Originado de tradi\u00e7\u00f5es trazidas por padres europeus, o &#8220;Carnaval a Cavalo&#8221; existe desde 1840. Cavaleiros, amazonas e cavalos fantasiados d\u00e3o o tom da festa enquanto se apresentam por um circuito demarcado.<\/p>\n<p>Muitas fam\u00edlias participam juntas, o que deixa a festa ainda mais especial. Os espectadores interagem, usando serpentinas e confetes. E ainda t\u00eam marchinhas, m\u00fasicas populares e at\u00e9 um hino do &#8220;Carnaval a Cavalo&#8221;. Interessante.<\/p>\n<p>J\u00e1 Abaet\u00e9, Diamantina e Pomp\u00e9u apostam nos shows com abad\u00e1s, muita m\u00fasica e folia sem hora de acabar: as populares micaretas. Em Itabirito, o destaque vai para os grandes trios el\u00e9tricos e blocos tradicionais que desfilam pelas ruas. O Carnaval, al\u00e9m de aquecer a economia, movimenta a cadeia produtiva do turismo no estado.<\/p>\n<p><img loading=\"lazy\" decoding=\"async\" class=\" size-full wp-image-91120\" src=\"http:\/\/diarioregionaljf.com.br\/wp-content\/uploads\/2018\/02\/diario-int-23809-1.jpg\" alt=\"foto03.jpg\" style=\"display: block; margin-left: auto; margin-right: auto;\" width=\"680\" height=\"450\" srcset=\"https:\/\/diarioregionaldigital.com.br\/wp-content\/uploads\/2018\/02\/diario-int-23809-1.jpg 680w, https:\/\/diarioregionaldigital.com.br\/wp-content\/uploads\/2018\/02\/diario-int-23809-1-300x199.jpg 300w, https:\/\/diarioregionaldigital.com.br\/wp-content\/uploads\/2018\/02\/diario-int-23809-1-360x238.jpg 360w\" sizes=\"auto, (max-width: 680px) 100vw, 680px\" \/><\/p>\n<p>Algumas cidades t\u00eam tanto a oferecer ao turista que \u00e9 bem interessante que ele se divirta na folia e conhe\u00e7a tamb\u00e9m um pouco mais da hist\u00f3ria e da cultura do lugar. Minas Gerais tem uma hist\u00f3ria e uma cultura bem diversificadas; que faz com que onde o visitante esteja sempre vai ter algo para curtir.<\/p>\n<p>Ouro Preto \u00e9 o maior carnaval universit\u00e1rio do planeta, j\u00e1 \u00e9 bastante conhecido e cada vez fica mais organizado, portanto fica cada vez melhor e atrai jovens de todo o pa\u00eds. Os carnavais nas cidades hist\u00f3ricas de Minas s\u00e3o conhecidos por tradi\u00e7\u00f5es e festas animadas.<\/p>\n<p>A tradicional folia do Carnaval de Ouro Preto se destaca por ser organizada pelos universit\u00e1rios que mais sabem se divertir no Brasil. Na edi\u00e7\u00e3o de 2018 a anima\u00e7\u00e3o \u00e9 garantida: tem chuva de cerveja, festas com os mais diversos temas e blocos com as melhores atra\u00e7\u00f5es. Tudo com milhares de foli\u00f5es vindos de todos os cantos do pa\u00eds afim de muita divers\u00e3o. O foli\u00e3o pode jogar cerveja pro alto nos blocos, subir e descer as ladeiras da cidade curtindo os mais diversos shows e conhecer muita gente legal nas festas dentro e fora das rep\u00fablicas de estudante.<\/p>\n<p>A folia come\u00e7a na sexta-feira, 9, \u00e0s 23h, com o \u201cBem-vindo a Ouro Preto, organizado pela Rep\u00fablica Birinaite&#8221;, Festa Open Bar de boas vindas para iniciar o melhor Carnaval da vida de quem chega.<\/p>\n<p><img loading=\"lazy\" decoding=\"async\" class=\" size-full wp-image-91121\" src=\"http:\/\/diarioregionaljf.com.br\/wp-content\/uploads\/2018\/02\/diario-int-23809-2.jpg\" alt=\"ouropreto.jpg\" style=\"display: block; margin-left: auto; margin-right: auto;\" width=\"680\" height=\"378\" srcset=\"https:\/\/diarioregionaldigital.com.br\/wp-content\/uploads\/2018\/02\/diario-int-23809-2.jpg 680w, https:\/\/diarioregionaldigital.com.br\/wp-content\/uploads\/2018\/02\/diario-int-23809-2-300x167.jpg 300w, https:\/\/diarioregionaldigital.com.br\/wp-content\/uploads\/2018\/02\/diario-int-23809-2-360x200.jpg 360w\" sizes=\"auto, (max-width: 680px) 100vw, 680px\" \/><\/p>\n<p>Em S\u00e3o Jo\u00e3o Del Rei a folia come\u00e7ou no dia 26 de janeiro e vai at\u00e9 o dia 13 de fevereiro. Os eventos v\u00e3o contar com a participa\u00e7\u00e3o de 64 blocos e 11 agremia\u00e7\u00f5es. Na programa\u00e7\u00e3o, os blocos tradicionais mant\u00eam o dia da semana em que saem pelas ruas da cidade. No dia 3 de fevereiro, a concentra\u00e7\u00e3o do \u201cBandalheira\u201d ocorre no Centro e, no dia 5, o bloco \u201cDeixa o mundo girar\u201d desfila pelas ruas do Bairro Bonfim.<\/p>\n<p>No dia 6 de fevereiro, a concentra\u00e7\u00e3o do Bloco \u201cSe mam\u00e3e deixar\u201d est\u00e1 marcada para as 20h, no Largo do Ros\u00e1rio. No dia seguinte, o \u201cLesma Lerda\u201d re\u00fane os foli\u00f5es na Avenida Oito de Dezembro. De acordo com a organiza\u00e7\u00e3o, o bloco deve ter a participa\u00e7\u00e3o de quase 20 mil foli\u00f5es. O Bloco \u201cGato de Botas\u201d, no Largo de S\u00e3o Francisco, \u00e0s 19h, faz a festa no dia 8.<\/p>\n<p>Al\u00e9m da programa\u00e7\u00e3o de blocos tamb\u00e9m foi divulgada a ordem dos desfiles das escolas de samba em 2018. Diferente de 2017, a disputa pelo t\u00edtulo de campe\u00e3 ser\u00e1 em tr\u00eas dias. A passarela vai ser mantida na Avenida Presidente Tancredo Neves, no Centro da cidade. As seis agremia\u00e7\u00f5es desfilam nos dias 10, 11 e 12 de fevereiro. Duas escolas de samba mirins tamb\u00e9m participam das comemora\u00e7\u00f5es e se apresentam no s\u00e1bado e na segunda-feira de Carnaval.<\/p>\n<p>O Carnaval 2018 na cidade de Tiradentes acontecer\u00e1 do dia 8 a 13 de fevereiro. Tamb\u00e9m chamado de Carnaval Cultural, a festa ter\u00e1 foco nos tradicionais blocos de rua. Shows musicais e outras atra\u00e7\u00f5es tamb\u00e9m est\u00e3o programados para os seis dias de folia no interior de Minas Gerais. \u00c9 um Carnaval ideal para a fam\u00edlia. Apesar de tranquilo, \u00e9 considerado um dos melhores e mais cobi\u00e7ados de Minas, atraindo foli\u00f5es de diferentes regi\u00f5es do pa\u00eds.<\/p>\n<p>Embalado pelas bandas e pela irrever\u00eancia das fantasias, o povo dan\u00e7a e canta ao som das antigas marchinhas. Energia positiva e alto astral \u00e9 o que n\u00e3o faltam. \u201cDom\u00e9sticas\u201d, \u201cVer-te Cana\u201d, \u201cPalha\u00e7ada\u201d e \u201cRoma foi Pouco\u201d, s\u00e3o alguns dos blocos que sacodem a galera.<\/p>\n<p>A programa\u00e7\u00e3o tamb\u00e9m faz parte de uma s\u00e9rie de eventos comemorativos dos 300 anos da cidade, que \u00e9 patrim\u00f4nio hist\u00f3rico nacional reconhecido por sua arte barroca, suas igrejas, as casas de estilo colonial e outras constru\u00e7\u00f5es.<\/p>\n<p>Em S\u00e3o Jo\u00e3o Nepomuceno, a festa contar\u00e1 com eventos de Pr\u00e9-carnaval, que est\u00e1 come\u00e7ando neste final de semana, com desfiles de blocos, escolas de samba e shows entre os dias 8 e 13 de fevereiro.<\/p>\n<p>Entre as novidades da folia de momo est\u00e3o os blocos \u201cEdgar Monteiro\u201d e \u201cOs Foragidos\u201d, que est\u00e3o previstos para o s\u00e1bado, 10, e que se concentram na Distribuidora de Bebidas e no Bairro Tr\u00eas Marias, respectivamente. Outra novidade \u00e9 o Bloco \u201cSete e meia l\u00e1 em casa\u201d, na ter\u00e7a-feira, 12, com concentra\u00e7\u00e3o no Bar Central, em homenagem a personalidade local Lu\u00edz Quirino.<\/p>\n<p>Al\u00e9m das novidades, os blocos tradicionais tamb\u00e9m v\u00e3o desfilar e abrilhantar a festa, como o \u201cBarril\u201d, \u201cGirafa\u201d, \u201c5 Gera\u00e7\u00f5es\u201d, \u201cRanca Tampa\u201d, \u201cZ\u00e9 Pereira\u201d, \u201cTour\u00e3o\u201d e \u201cSapo\u201d. O Bloco \u201c4 Patinhas\u201d tamb\u00e9m est\u00e1 de volta na festa em S\u00e3o Jo\u00e3o. Entre as escolas de samba, apenas a Unidos de Caxang\u00e1 e a Mirim decidiram desfilar, al\u00e9m do Bloco do Bela Vista, cujo desfile se assemelha ao de uma escola.<\/p>\n<p>Secret\u00e1rio, distrito de Petr\u00f3polis, promete ter um Carnaval animado este ano. De 9 a 11 de fevereiro o distrito recebe o 1\u00ba Festival Cerva &amp; Folia, que vai contar com cervejas artesanais, gastronomia local e atra\u00e7\u00f5es musicais. O palco da festa ser\u00e1 a Pra\u00e7a de Secret\u00e1rio com o espa\u00e7o funcionando na sexta-feira, 9, de 18h \u00e0s 22h, e no s\u00e1bado 10 e no domingo 11 de 11h \u00e0s 22h. O evento vai transformar a pra\u00e7a em um verdadeiro botequim gourmet.<\/p>\n<p>Ser\u00e3o 10 cervejarias participantes, sendo nove artesanais, e a Bohemia, com seus r\u00f3tulos especiais. Todas de Petr\u00f3polis. Al\u00e9m disso, participar\u00e3o 20 expositores gastron\u00f4micos que ir\u00e3o preparar card\u00e1pios de \u201ccomida de boteco\u201d especialmente para o evento. E muito samba, j\u00e1 que o festival acontece no Carnaval.<\/p>\n<p>A festa come\u00e7a na sexta-feira, com a apresenta\u00e7\u00e3o do duo Num Samba, de 18h \u00e0s 20h. No s\u00e1bado, no fim da tarde, a bateria da Imp\u00e9rio de Petr\u00f3polis sobe ao palco. E, no domingo, tamb\u00e9m no fim da tarde, a Toddy Mail Band vai fazer um baile de carnaval, inclusive para as crian\u00e7as. O festival contar\u00e1, ainda, com lounges cobertos para proteger o p\u00fablico do sol e atividades voltadas para as crian\u00e7as.<\/p>\n<hr \/>\n<h4>DICAS DE VIAGEM<\/h4>\n<p>&#8211; Se voc\u00ea est\u00e1 viajando com a\u00e9reo, recomendo, se for viagem nacional, chegar com tr\u00eas horas de anteced\u00eancia; se for internacional, chegar com umas quatro horas de anteced\u00eancia. Muita gente est\u00e1 viajando nesses dias de carnaval e as filas no chek in s\u00e3o imensas.<\/p>\n<p>&#8211; Procure fazer chek in online, isso facilita bastante, pois as filas para entrega de bagagens tamb\u00e9m ficam grandes nessa \u00e9poca.<\/p>\n<p>&#8211; N\u00e3o se esque\u00e7a que bagagem despachada, paga; consulte seu agente de viagens sobre as taxas.<\/p>\n<p>&#8211; Caso voc\u00ea viaje de \u00f4nibus, chegue com anteced\u00eancia. O movimento na rodovi\u00e1ria aumenta bastante, pois as empresas de \u00f4nibus costumam colocar \u00f4nibus extras<br \/>&#8211; Se voc\u00ea for de carro, procure fazer uma boa revis\u00e3o no ve\u00edculo e, dependendo do seu destino, prepare-se para o costumeiro engarrafamento.<\/p>\n<p>Bom Carnaval a todos!!!<\/p>\n<hr \/>\n<p>&nbsp;<\/p>\n","protected":false},"excerpt":{"rendered":"<p>A hospitalidade do povo mineiro se reconhece facilmente tamb\u00e9m na \u00e9poca das comemora\u00e7\u00f5es. No Carnaval de rua belo-rizontino, que ir\u00e1 aquecer os tamborins com os desfiles das Escolas de Samba no dia 13 de fevereiro, na Avenida Afonso Pena, as festividades tamb\u00e9m se concentram em mais de 480 blocos de rua, desfiles caricatos e shows [&hellip;]<\/p>\n","protected":false},"author":96,"featured_media":91119,"comment_status":"closed","ping_status":"closed","sticky":false,"template":"","format":"standard","meta":{"footnotes":""},"categories":[284],"tags":[],"class_list":["post-91122","post","type-post","status-publish","format-standard","has-post-thumbnail","hentry","category-turismo-rosa-oliveira"],"_links":{"self":[{"href":"https:\/\/diarioregionaldigital.com.br\/index.php?rest_route=\/wp\/v2\/posts\/91122","targetHints":{"allow":["GET"]}}],"collection":[{"href":"https:\/\/diarioregionaldigital.com.br\/index.php?rest_route=\/wp\/v2\/posts"}],"about":[{"href":"https:\/\/diarioregionaldigital.com.br\/index.php?rest_route=\/wp\/v2\/types\/post"}],"author":[{"embeddable":true,"href":"https:\/\/diarioregionaldigital.com.br\/index.php?rest_route=\/wp\/v2\/users\/96"}],"replies":[{"embeddable":true,"href":"https:\/\/diarioregionaldigital.com.br\/index.php?rest_route=%2Fwp%2Fv2%2Fcomments&post=91122"}],"version-history":[{"count":0,"href":"https:\/\/diarioregionaldigital.com.br\/index.php?rest_route=\/wp\/v2\/posts\/91122\/revisions"}],"wp:featuredmedia":[{"embeddable":true,"href":"https:\/\/diarioregionaldigital.com.br\/index.php?rest_route=\/wp\/v2\/media\/91119"}],"wp:attachment":[{"href":"https:\/\/diarioregionaldigital.com.br\/index.php?rest_route=%2Fwp%2Fv2%2Fmedia&parent=91122"}],"wp:term":[{"taxonomy":"category","embeddable":true,"href":"https:\/\/diarioregionaldigital.com.br\/index.php?rest_route=%2Fwp%2Fv2%2Fcategories&post=91122"},{"taxonomy":"post_tag","embeddable":true,"href":"https:\/\/diarioregionaldigital.com.br\/index.php?rest_route=%2Fwp%2Fv2%2Ftags&post=91122"}],"curies":[{"name":"wp","href":"https:\/\/api.w.org\/{rel}","templated":true}]}}