{"id":91110,"date":"2018-02-03T21:06:09","date_gmt":"2018-02-03T23:06:09","guid":{"rendered":"http:\/\/diarioregionaljf.com.br\/2018\/02\/03\/como-seria-a-historia-do-carnaval-sem-as-domesticas-de-luxo\/"},"modified":"2018-02-03T21:06:09","modified_gmt":"2018-02-03T23:06:09","slug":"como-seria-a-historia-do-carnaval-sem-as-domesticas-de-luxo","status":"publish","type":"post","link":"https:\/\/diarioregionaldigital.com.br\/?p=91110","title":{"rendered":"Como seria a hist\u00f3ria do carnaval sem as \u201cDom\u00e9sticas de Luxo\u201d?"},"content":{"rendered":"<p>Com essa quest\u00e3o em seu samba enredo de 2018, o bloco \u201cDom\u00e9sticas de Luxo\u201d, formado por homens vestidos de mulher, com rostos pintados de preto e peruca, sa\u00edram pelas ruas de Juiz de Fora, neste s\u00e1bado, 3. O bloco chegou a sua edi\u00e7\u00e3o de n\u00famero 60.<\/p>\n<p>A concentra\u00e7\u00e3o do bloco come\u00e7ou por volta das 11h no Parque Halfeld. Com o passar das horas o local foi recebendo mais pessoas, dentre integrantes caracterizados, instrumentistas com suas baterias e foli\u00f5es com adere\u00e7os, spray de espuma e confete.<\/p>\n<p>Valdir Alves, presidente do grupo que organiza o \u201cdom\u00e9sticas\u201d relembrou a hist\u00f3ria de origem, explicando que \u201cele surgiu a partir de seis jovens amigos que moravam em Belo Horizonte, mudaram-se para Juiz de Fora e criaram o bloco em homenagem \u00e0s mulheres, no bairro S\u00e3o Mateus.\u201d Valdir tamb\u00e9m destacou a sensa\u00e7\u00e3o de felicidade pelos 60 anos de anivers\u00e1rio do bloco, o qual ele integra a mais de 20 anos.<\/p>\n<p>O \u201cDom\u00e9sticas de Luxo\u201d n\u00e3o funciona somente durante o per\u00edodo do carnaval. Os organizadores refor\u00e7am que ao longo do ano diversas a\u00e7\u00f5es solid\u00e1rias e campanhas s\u00e3o promovidas pelo grupo, como por exemplo doa\u00e7\u00f5es de sangue.<\/p>\n<p>Hudson Daibert, que trabalha como copeiro e tem 56 anos, participa do \u201cDom\u00e9sticas de Luxo\u201d a quatro anos. Ele se integrou ao bloco ap\u00f3s receber um convite de um amigo. \u201cEu amo o dom\u00e9sticas. At\u00e9 morrer sou dom\u00e9sticas.\u201d Afirma enfaticamente. Hudson explica que gosta do bloco por ser \u201cfamiliar, um ambiente onde n\u00e3o se v\u00ea brigas e s\u00f3 tem amor e carinho.\u201d<\/p>\n<p>Desde o ano de 1958 o bloco \u00e9 evento registrado no carnaval de Juiz de Fora, tanto que em 2010 foi condecorado como Entidade P\u00fablica Municipal e tamb\u00e9m \u00e9 considerado Patrim\u00f4nio Cultural de Juiz de Fora.<\/p>\n<p>J\u00e2nio Augusto \u00e9 comerciante e tem 55 anos, ele participa do bloco desde 1980. \u201cUm amigo me convidou para participar e me impressionei com a irrever\u00eancia, as brincadeiras e diversidades de ideias.\u201d Augusto tamb\u00e9m convida outras pessoas a integrarem o grupo. \u201cO convite para participar do bloco est\u00e1 aberto. O Dom\u00e9sticas \u00e9 alegria e o carnaval de Juiz de Fora come\u00e7a com ele.\u201d conclui.<\/p>\n<p>Com o samba enredo \u201cDom\u00e9sticas de Luxo em festa, 60 anos de alegrias\u201d, a partir das 14h o bloco se deslocou do Parque Halfeld at\u00e9 a Pra\u00e7a da Esta\u00e7\u00e3o. Como presente pelos 60 anos, um carro aleg\u00f3rico em formato de bolo, com dois integrantes fundadores, serviu como abre alas para o bloco.<\/p>\n<p>A Pol\u00edcia Militar (PM) n\u00e3o divulgou nenhuma estimativa de p\u00fablico, entretanto a Rua Halfeld estava repleta de pessoas. Agentes de tr\u00e2nsito da Secretaria de Transporte e Tr\u00e2nsito (Settra) informaram que a Avenida Rio Branco, a Rua Batista de Oliveira e a Avenida Get\u00falio Vargas foram bloqueadas momentaneamente, apenas para que o bloco seguisse passagem at\u00e9 a Pra\u00e7a da Esta\u00e7\u00e3o. Somente a Rua Halfeld, parte baixa, ficou interditada durante toda dura\u00e7\u00e3o do bloco, previsto para terminar \u00e0s 18h.<\/p>\n<p>Jordana da Silva, que \u00e9 auxiliar de limpeza, n\u00e3o perde nenhuma edi\u00e7\u00e3o do \u201cDom\u00e9sticas de Luxo\u201d. \u201cEu sempre venho ao bloco e trago meus filhos e toda a fam\u00edlia.\u201d Ela tamb\u00e9m destaca a seguran\u00e7a do evento. \u201cEsse bloco \u00e9 muito fam\u00edlia e eu fico tranquila para trazer minhas crian\u00e7as.\u201d conclui.<\/p>\n<p>Durante o desfile do \u201cDom\u00e9sticas de Luxo\u201d um grupo de jovens negros realizou manifesta\u00e7\u00f5es contra a forma de como o bloco \u00e9 constru\u00eddo. Com cartazes com dizeres, como por exemplo, \u201cEu n\u00e3o sou sua fantasia\u201d e \u201cBlack face n\u00e3o \u00e9 homenagem, \u00e9 racismo\u201d, o grupo circulou por entre os foli\u00f5es apresentando sua indigna\u00e7\u00e3o. O \u201cblack face\u201d foi uma pr\u00e1tica teatral, muito utilizada nos Estados Unidos do s\u00e9culo 19, na qual os atores se pintavam com carv\u00e3o de corti\u00e7a para representar personagens afro-descendentes.<\/p>\n<p>Atualmente a pr\u00e1tica \u00e9 considerada por muitas pessoas como uma forma de racismo e opress\u00e3o.<\/p>\n<p>Os organizadores do bloco, entretanto, refor\u00e7am, antes do bloco iniciar seu percurso, que \u201co dom\u00e9sticas n\u00e3o tem preconceito e n\u00e3o tem racismo.\u201d Destacam que s\u00e3o um bloco caricato e que a \u00fanica inten\u00e7\u00e3o \u00e9 celebrar a tradi\u00e7\u00e3o e a alegria do carnaval.<\/p>\n<p>O final de semana em Juiz de Fora ainda tem uma programa\u00e7\u00e3o recheada de eventos carnavalescos. Neste domingo, 4, o destaque \u00e9 o desfile do Parangol\u00e9 Valvulado, cuja concentra\u00e7\u00e3o acontece na Pra\u00e7a dos Tr\u00eas Poderes, a partir do meio-dia, com desfile pela Avenida Get\u00falio Vargas.<\/p>\n<p><img loading=\"lazy\" decoding=\"async\" class=\" size-full wp-image-91107\" src=\"http:\/\/diarioregionaljf.com.br\/wp-content\/uploads\/2018\/02\/diario-int-23805-1.jpeg\" alt=\"WhatsApp Image 2018 02 03 at 18.39.44\" width=\"487\" height=\"274\" srcset=\"https:\/\/diarioregionaldigital.com.br\/wp-content\/uploads\/2018\/02\/diario-int-23805-1.jpeg 1280w, https:\/\/diarioregionaldigital.com.br\/wp-content\/uploads\/2018\/02\/diario-int-23805-1-300x169.jpeg 300w, https:\/\/diarioregionaldigital.com.br\/wp-content\/uploads\/2018\/02\/diario-int-23805-1-768x432.jpeg 768w, https:\/\/diarioregionaldigital.com.br\/wp-content\/uploads\/2018\/02\/diario-int-23805-1-1024x576.jpeg 1024w, https:\/\/diarioregionaldigital.com.br\/wp-content\/uploads\/2018\/02\/diario-int-23805-1-360x203.jpeg 360w\" sizes=\"auto, (max-width: 487px) 100vw, 487px\" \/><\/p>\n<p><img loading=\"lazy\" decoding=\"async\" class=\" size-full wp-image-91108\" src=\"http:\/\/diarioregionaljf.com.br\/wp-content\/uploads\/2018\/02\/diario-int-23805-2.jpeg\" alt=\"WhatsApp Image 2018 02 03 at 18.39.42\" width=\"486\" height=\"273\" srcset=\"https:\/\/diarioregionaldigital.com.br\/wp-content\/uploads\/2018\/02\/diario-int-23805-2.jpeg 1280w, https:\/\/diarioregionaldigital.com.br\/wp-content\/uploads\/2018\/02\/diario-int-23805-2-300x169.jpeg 300w, https:\/\/diarioregionaldigital.com.br\/wp-content\/uploads\/2018\/02\/diario-int-23805-2-768x432.jpeg 768w, https:\/\/diarioregionaldigital.com.br\/wp-content\/uploads\/2018\/02\/diario-int-23805-2-1024x576.jpeg 1024w, https:\/\/diarioregionaldigital.com.br\/wp-content\/uploads\/2018\/02\/diario-int-23805-2-360x203.jpeg 360w\" sizes=\"auto, (max-width: 486px) 100vw, 486px\" \/><\/p>\n<p><img loading=\"lazy\" decoding=\"async\" class=\" size-full wp-image-91109\" src=\"http:\/\/diarioregionaljf.com.br\/wp-content\/uploads\/2018\/02\/diario-int-23805-3.jpeg\" alt=\"WhatsApp Image 2018 02 03 at 18.59.50\" width=\"484\" height=\"272\" srcset=\"https:\/\/diarioregionaldigital.com.br\/wp-content\/uploads\/2018\/02\/diario-int-23805-3.jpeg 1280w, https:\/\/diarioregionaldigital.com.br\/wp-content\/uploads\/2018\/02\/diario-int-23805-3-300x169.jpeg 300w, https:\/\/diarioregionaldigital.com.br\/wp-content\/uploads\/2018\/02\/diario-int-23805-3-768x432.jpeg 768w, https:\/\/diarioregionaldigital.com.br\/wp-content\/uploads\/2018\/02\/diario-int-23805-3-1024x576.jpeg 1024w, https:\/\/diarioregionaldigital.com.br\/wp-content\/uploads\/2018\/02\/diario-int-23805-3-360x203.jpeg 360w\" sizes=\"auto, (max-width: 484px) 100vw, 484px\" \/><\/p>\n","protected":false},"excerpt":{"rendered":"<p>Com essa quest\u00e3o em seu samba enredo de 2018, o bloco \u201cDom\u00e9sticas de Luxo\u201d, formado por homens vestidos de mulher, com rostos pintados de preto e peruca, sa\u00edram pelas ruas de Juiz de Fora, neste s\u00e1bado, 3. O bloco chegou a sua edi\u00e7\u00e3o de n\u00famero 60. A concentra\u00e7\u00e3o do bloco come\u00e7ou por volta das 11h [&hellip;]<\/p>\n","protected":false},"author":96,"featured_media":91106,"comment_status":"closed","ping_status":"closed","sticky":false,"template":"","format":"standard","meta":{"footnotes":""},"categories":[253],"tags":[],"class_list":["post-91110","post","type-post","status-publish","format-standard","has-post-thumbnail","hentry","category-cidade"],"_links":{"self":[{"href":"https:\/\/diarioregionaldigital.com.br\/index.php?rest_route=\/wp\/v2\/posts\/91110","targetHints":{"allow":["GET"]}}],"collection":[{"href":"https:\/\/diarioregionaldigital.com.br\/index.php?rest_route=\/wp\/v2\/posts"}],"about":[{"href":"https:\/\/diarioregionaldigital.com.br\/index.php?rest_route=\/wp\/v2\/types\/post"}],"author":[{"embeddable":true,"href":"https:\/\/diarioregionaldigital.com.br\/index.php?rest_route=\/wp\/v2\/users\/96"}],"replies":[{"embeddable":true,"href":"https:\/\/diarioregionaldigital.com.br\/index.php?rest_route=%2Fwp%2Fv2%2Fcomments&post=91110"}],"version-history":[{"count":0,"href":"https:\/\/diarioregionaldigital.com.br\/index.php?rest_route=\/wp\/v2\/posts\/91110\/revisions"}],"wp:featuredmedia":[{"embeddable":true,"href":"https:\/\/diarioregionaldigital.com.br\/index.php?rest_route=\/wp\/v2\/media\/91106"}],"wp:attachment":[{"href":"https:\/\/diarioregionaldigital.com.br\/index.php?rest_route=%2Fwp%2Fv2%2Fmedia&parent=91110"}],"wp:term":[{"taxonomy":"category","embeddable":true,"href":"https:\/\/diarioregionaldigital.com.br\/index.php?rest_route=%2Fwp%2Fv2%2Fcategories&post=91110"},{"taxonomy":"post_tag","embeddable":true,"href":"https:\/\/diarioregionaldigital.com.br\/index.php?rest_route=%2Fwp%2Fv2%2Ftags&post=91110"}],"curies":[{"name":"wp","href":"https:\/\/api.w.org\/{rel}","templated":true}]}}