{"id":91105,"date":"2018-02-03T19:04:00","date_gmt":"2018-02-03T21:04:00","guid":{"rendered":"http:\/\/diarioregionaljf.com.br\/2018\/02\/03\/dois-irmaos-sao-presos-por-trafico-de-drogas-no-bairro-grajau\/"},"modified":"2018-02-03T19:04:00","modified_gmt":"2018-02-03T21:04:00","slug":"dois-irmaos-sao-presos-por-trafico-de-drogas-no-bairro-grajau","status":"publish","type":"post","link":"https:\/\/diarioregionaldigital.com.br\/?p=91105","title":{"rendered":"Dois irm\u00e3os s\u00e3o presos por tr\u00e1fico de drogas no bairro Graja\u00fa"},"content":{"rendered":"<p>A Pol\u00edcia Militar (PM) prendeu dois irm\u00e3os por tr\u00e1fico de drogas no bairro Graja\u00fa, localizado na zona Leste de Juiz de Fora. A a\u00e7\u00e3o ocorreu na manh\u00e3 desta sexta-feira, 2.<\/p>\n<p>De acordo com o boletim de ocorr\u00eancias, os policiais, em cumprimento ao mandado de busca e apreens\u00e3o, compareceram at\u00e9 um resid\u00eancia na Rua Francisco Falci.<\/p>\n<p>A porta do local estava aberta e os policiais entraram. Em um primeiro c\u00f4modo localizaram uma jovem de 21 anos e em sua presen\u00e7a leram o mandado de busca e apreens\u00e3o. Logo ap\u00f3s iniciaram os rastreamentos.<\/p>\n<p>Em baixo de uma cama a PM localizou um inv\u00f3lucro contendo em seu interior uma barra prensada de maconha, oito pedras grandes de crack, uma balan\u00e7a de precis\u00e3o, cinco cord\u00f5es, cinco an\u00e9is e uma pulseira de material aparentando ser de prata, cinco l\u00e2minas gillette, uma faca pequena e v\u00e1rios sacos pl\u00e1sticos comumente utilizados para embalar drogas. No mesmo quarto, em uma escrivaninha, tamb\u00e9m encontraram a quantia de R$1.123,60 em moeda corrente.<\/p>\n<p>Al\u00e9m da jovem de 21 anos, outro indiv\u00edduo, de 32 anos tamb\u00e9m foi localizado na resid\u00eancia. Os autores, que s\u00e3o irm\u00e3os, foram presos e conduzidos para delegacia.<\/p>\n","protected":false},"excerpt":{"rendered":"<p>A Pol\u00edcia Militar (PM) prendeu dois irm\u00e3os por tr\u00e1fico de drogas no bairro Graja\u00fa, localizado na zona Leste de Juiz de Fora. A a\u00e7\u00e3o ocorreu na manh\u00e3 desta sexta-feira, 2. De acordo com o boletim de ocorr\u00eancias, os policiais, em cumprimento ao mandado de busca e apreens\u00e3o, compareceram at\u00e9 um resid\u00eancia na Rua Francisco Falci. [&hellip;]<\/p>\n","protected":false},"author":96,"featured_media":91104,"comment_status":"closed","ping_status":"closed","sticky":false,"template":"","format":"standard","meta":{"footnotes":""},"categories":[301],"tags":[],"class_list":["post-91105","post","type-post","status-publish","format-standard","has-post-thumbnail","hentry","category-artigos-policiais"],"_links":{"self":[{"href":"https:\/\/diarioregionaldigital.com.br\/index.php?rest_route=\/wp\/v2\/posts\/91105","targetHints":{"allow":["GET"]}}],"collection":[{"href":"https:\/\/diarioregionaldigital.com.br\/index.php?rest_route=\/wp\/v2\/posts"}],"about":[{"href":"https:\/\/diarioregionaldigital.com.br\/index.php?rest_route=\/wp\/v2\/types\/post"}],"author":[{"embeddable":true,"href":"https:\/\/diarioregionaldigital.com.br\/index.php?rest_route=\/wp\/v2\/users\/96"}],"replies":[{"embeddable":true,"href":"https:\/\/diarioregionaldigital.com.br\/index.php?rest_route=%2Fwp%2Fv2%2Fcomments&post=91105"}],"version-history":[{"count":0,"href":"https:\/\/diarioregionaldigital.com.br\/index.php?rest_route=\/wp\/v2\/posts\/91105\/revisions"}],"wp:featuredmedia":[{"embeddable":true,"href":"https:\/\/diarioregionaldigital.com.br\/index.php?rest_route=\/wp\/v2\/media\/91104"}],"wp:attachment":[{"href":"https:\/\/diarioregionaldigital.com.br\/index.php?rest_route=%2Fwp%2Fv2%2Fmedia&parent=91105"}],"wp:term":[{"taxonomy":"category","embeddable":true,"href":"https:\/\/diarioregionaldigital.com.br\/index.php?rest_route=%2Fwp%2Fv2%2Fcategories&post=91105"},{"taxonomy":"post_tag","embeddable":true,"href":"https:\/\/diarioregionaldigital.com.br\/index.php?rest_route=%2Fwp%2Fv2%2Ftags&post=91105"}],"curies":[{"name":"wp","href":"https:\/\/api.w.org\/{rel}","templated":true}]}}