{"id":91103,"date":"2018-02-03T18:39:59","date_gmt":"2018-02-03T20:39:59","guid":{"rendered":"http:\/\/diarioregionaljf.com.br\/2018\/02\/03\/mec-prorroga-adesao-de-estados-e-municipios-ao-mais-alfabetizacao\/"},"modified":"2018-02-03T18:39:59","modified_gmt":"2018-02-03T20:39:59","slug":"mec-prorroga-adesao-de-estados-e-municipios-ao-mais-alfabetizacao","status":"publish","type":"post","link":"https:\/\/diarioregionaldigital.com.br\/?p=91103","title":{"rendered":"MEC prorroga ades\u00e3o de estados e munic\u00edpios ao Mais Alfabetiza\u00e7\u00e3o"},"content":{"rendered":"<p>O prazo para estados e munic\u00edpios aderirem ao Programa Mais Alfabetiza\u00e7\u00e3o foi prorrogado para 15 de fevereiro. A data anterior para o fim do per\u00edodo de ades\u00e3o era ontem (2).<\/p>\n<p>A ades\u00e3o deve ser feita por meio do Sistema Integrado de Monitoramento, Execu\u00e7\u00e3o e Controle do Minist\u00e9rio da Educa\u00e7\u00e3o, As escolas ter\u00e3o prazo at\u00e9 16 de fevereiro para fazer sua inscri\u00e7\u00e3o no programa.<\/p>\n<p>O programa foi criado para apoiar escolas no processo de alfabetiza\u00e7\u00e3o dos estudantes de todas as turmas do primeiro e do segundo anos do ensino fundamental. A proposta consiste em refor\u00e7ar o trabalho do professor com a participa\u00e7\u00e3o de um assistente, a fim de aprimorar a experi\u00eancia dos alunos nas \u00e1reas de leitura, reda\u00e7\u00e3o e matem\u00e1tica. Os assistentes ser\u00e3o estudantes de pedagogia e licenciatura. A previs\u00e3o \u00e9 que o programa esteja funcionando em mar\u00e7o. Ser\u00e3o investidos R$ 200 milh\u00f5es para o pagamento dos assistentes pedag\u00f3gicos.<\/p>\n<p>A expectativa \u00e9 atender a 4,2 milh\u00f5es de alunos em aproximadamente 200 mil turmas espalhadas pelo Brasil. O repasse ser\u00e1 feito por meio do Programa Dinheiro Direto na Escola (PDDE) e os auxiliares receber\u00e3o R$ 150 por m\u00eas para cada turma em que atuarem, podendo acumular at\u00e9 oito turmas. N\u00e3o h\u00e1 v\u00ednculo empregat\u00edcio. Os candidatos a assistente devem, obrigatoriamente, passar por um processo de sele\u00e7\u00e3o elaborado pelos munic\u00edpios.<\/p>\n<p>O programa Mais Alfabetiza\u00e7\u00e3o faz parte da Pol\u00edtica Nacional de Alfabetiza\u00e7\u00e3o, lan\u00e7ada pelo MEC em 2017 para combater a estagna\u00e7\u00e3o dos baixos \u00edndices registrados pela Avalia\u00e7\u00e3o Nacional de Alfabetiza\u00e7\u00e3o. O conjunto de iniciativas ter\u00e1 investimento total de R$ 523 milh\u00f5es.<\/p>\n<p>Fonte: Ag\u00eancia Brasil<\/p>\n","protected":false},"excerpt":{"rendered":"<p>O prazo para estados e munic\u00edpios aderirem ao Programa Mais Alfabetiza\u00e7\u00e3o foi prorrogado para 15 de fevereiro. A data anterior para o fim do per\u00edodo de ades\u00e3o era ontem (2). A ades\u00e3o deve ser feita por meio do Sistema Integrado de Monitoramento, Execu\u00e7\u00e3o e Controle do Minist\u00e9rio da Educa\u00e7\u00e3o, As escolas ter\u00e3o prazo at\u00e9 16 [&hellip;]<\/p>\n","protected":false},"author":96,"featured_media":91102,"comment_status":"closed","ping_status":"closed","sticky":false,"template":"","format":"standard","meta":{"footnotes":""},"categories":[302],"tags":[],"class_list":["post-91103","post","type-post","status-publish","format-standard","has-post-thumbnail","hentry","category-brasil-mundo"],"_links":{"self":[{"href":"https:\/\/diarioregionaldigital.com.br\/index.php?rest_route=\/wp\/v2\/posts\/91103","targetHints":{"allow":["GET"]}}],"collection":[{"href":"https:\/\/diarioregionaldigital.com.br\/index.php?rest_route=\/wp\/v2\/posts"}],"about":[{"href":"https:\/\/diarioregionaldigital.com.br\/index.php?rest_route=\/wp\/v2\/types\/post"}],"author":[{"embeddable":true,"href":"https:\/\/diarioregionaldigital.com.br\/index.php?rest_route=\/wp\/v2\/users\/96"}],"replies":[{"embeddable":true,"href":"https:\/\/diarioregionaldigital.com.br\/index.php?rest_route=%2Fwp%2Fv2%2Fcomments&post=91103"}],"version-history":[{"count":0,"href":"https:\/\/diarioregionaldigital.com.br\/index.php?rest_route=\/wp\/v2\/posts\/91103\/revisions"}],"wp:featuredmedia":[{"embeddable":true,"href":"https:\/\/diarioregionaldigital.com.br\/index.php?rest_route=\/wp\/v2\/media\/91102"}],"wp:attachment":[{"href":"https:\/\/diarioregionaldigital.com.br\/index.php?rest_route=%2Fwp%2Fv2%2Fmedia&parent=91103"}],"wp:term":[{"taxonomy":"category","embeddable":true,"href":"https:\/\/diarioregionaldigital.com.br\/index.php?rest_route=%2Fwp%2Fv2%2Fcategories&post=91103"},{"taxonomy":"post_tag","embeddable":true,"href":"https:\/\/diarioregionaldigital.com.br\/index.php?rest_route=%2Fwp%2Fv2%2Ftags&post=91103"}],"curies":[{"name":"wp","href":"https:\/\/api.w.org\/{rel}","templated":true}]}}