{"id":91101,"date":"2018-02-03T17:55:49","date_gmt":"2018-02-03T19:55:49","guid":{"rendered":"http:\/\/diarioregionaljf.com.br\/2018\/02\/03\/concurso-da-emater-mg-sera-retomado-pelo-governo-do-estado\/"},"modified":"2018-02-03T17:55:49","modified_gmt":"2018-02-03T19:55:49","slug":"concurso-da-emater-mg-sera-retomado-pelo-governo-do-estado","status":"publish","type":"post","link":"https:\/\/diarioregionaldigital.com.br\/?p=91101","title":{"rendered":"Concurso da Emater-MG ser\u00e1 retomado pelo Governo do Estado"},"content":{"rendered":"<p>O Tribunal de Contas do Estado de Minas Gerais (TCE) autorizou a retomada do edital para concurso p\u00fablico da Emater-MG. A novidade foi anunciada pelo Governo de Minas Gerais, por meio do secret\u00e1rio de Estado de Planejamento e Gest\u00e3o (Seplag), Helv\u00e9cio Magalh\u00e3es.<\/p>\n<p>O relan\u00e7amento do edital foi poss\u00edvel devido \u00e0 aprova\u00e7\u00e3o, em dezembro de 2017, do Projeto de Lei n\u00ba 4.851\/2017, na Assembleia Legislativa de Minas Gerais (ALMG), que cria o Quadro de Pessoal e Vagas para a Emater-MG. O concurso estava suspenso desde 2016 por determina\u00e7\u00e3o do pr\u00f3prio TCE com alega\u00e7\u00e3o de falta de vagas no quadro funcional da institui\u00e7\u00e3o.<\/p>\n<p>\u201cCom total apoio do Governo do Estado, a realiza\u00e7\u00e3o do concurso ir\u00e1 fortalecer ainda mais a Emater-MG, fomentando a agricultura mineira para a gera\u00e7\u00e3o de resultado. A atividade \u00e9 uma tradi\u00e7\u00e3o de Minas Gerais e estamos avan\u00e7ando muito nesse sentido\u201d, informou Helv\u00e9cio Magalh\u00e3es, nessa quinta-feira (1\/2).<\/p>\n<p>Com 69 anos de exist\u00eancia, a Emater-MG est\u00e1 presente em 90% dos munic\u00edpios do estado e oferece assist\u00eancia t\u00e9cnica a cerca de 400 mil agricultores familiares. Para garantir a qualidade dos servi\u00e7os prestados, os t\u00e9cnicos realizam atendimento junto aos produtores rurais em oito esferas: agroecologia; comercializa\u00e7\u00e3o e gest\u00e3o; cadeia de valor da bovinocultura; cadeia de valor do caf\u00e9; inclus\u00e3o rural e sucess\u00e3o na agricultura familiar; produ\u00e7\u00e3o de frutas, olericultura e pequenos animais; e seguran\u00e7a h\u00eddrica e sustentabilidade ambiental.<\/p>\n<p>\u201cA Emater-MG \u00e9 um patrim\u00f4nio de Minas Gerais, a maior e mais antiga do Brasil. E a presen\u00e7a dos t\u00e9cnicos, especialmente nas regionais mais carentes, \u00e9 um diferencial na gera\u00e7\u00e3o de renda, fixa\u00e7\u00e3o do homem do campo, na produ\u00e7\u00e3o de alimentos de qualidade e na agricultura familiar\u201d, afirmou o secret\u00e1rio.<\/p>\n<p>Fonte: Ag\u00eancia Minas<\/p>\n","protected":false},"excerpt":{"rendered":"<p>O Tribunal de Contas do Estado de Minas Gerais (TCE) autorizou a retomada do edital para concurso p\u00fablico da Emater-MG. A novidade foi anunciada pelo Governo de Minas Gerais, por meio do secret\u00e1rio de Estado de Planejamento e Gest\u00e3o (Seplag), Helv\u00e9cio Magalh\u00e3es. O relan\u00e7amento do edital foi poss\u00edvel devido \u00e0 aprova\u00e7\u00e3o, em dezembro de 2017, [&hellip;]<\/p>\n","protected":false},"author":96,"featured_media":91100,"comment_status":"closed","ping_status":"closed","sticky":false,"template":"","format":"standard","meta":{"footnotes":""},"categories":[252],"tags":[],"class_list":["post-91101","post","type-post","status-publish","format-standard","has-post-thumbnail","hentry","category-regiao"],"_links":{"self":[{"href":"https:\/\/diarioregionaldigital.com.br\/index.php?rest_route=\/wp\/v2\/posts\/91101","targetHints":{"allow":["GET"]}}],"collection":[{"href":"https:\/\/diarioregionaldigital.com.br\/index.php?rest_route=\/wp\/v2\/posts"}],"about":[{"href":"https:\/\/diarioregionaldigital.com.br\/index.php?rest_route=\/wp\/v2\/types\/post"}],"author":[{"embeddable":true,"href":"https:\/\/diarioregionaldigital.com.br\/index.php?rest_route=\/wp\/v2\/users\/96"}],"replies":[{"embeddable":true,"href":"https:\/\/diarioregionaldigital.com.br\/index.php?rest_route=%2Fwp%2Fv2%2Fcomments&post=91101"}],"version-history":[{"count":0,"href":"https:\/\/diarioregionaldigital.com.br\/index.php?rest_route=\/wp\/v2\/posts\/91101\/revisions"}],"wp:featuredmedia":[{"embeddable":true,"href":"https:\/\/diarioregionaldigital.com.br\/index.php?rest_route=\/wp\/v2\/media\/91100"}],"wp:attachment":[{"href":"https:\/\/diarioregionaldigital.com.br\/index.php?rest_route=%2Fwp%2Fv2%2Fmedia&parent=91101"}],"wp:term":[{"taxonomy":"category","embeddable":true,"href":"https:\/\/diarioregionaldigital.com.br\/index.php?rest_route=%2Fwp%2Fv2%2Fcategories&post=91101"},{"taxonomy":"post_tag","embeddable":true,"href":"https:\/\/diarioregionaldigital.com.br\/index.php?rest_route=%2Fwp%2Fv2%2Ftags&post=91101"}],"curies":[{"name":"wp","href":"https:\/\/api.w.org\/{rel}","templated":true}]}}