{"id":91099,"date":"2018-02-03T17:50:50","date_gmt":"2018-02-03T19:50:50","guid":{"rendered":"http:\/\/diarioregionaljf.com.br\/2018\/02\/03\/governo-de-minas-gerais-faz-proposta-para-repasses-aos-municipios\/"},"modified":"2018-02-03T17:50:50","modified_gmt":"2018-02-03T19:50:50","slug":"governo-de-minas-gerais-faz-proposta-para-repasses-aos-municipios","status":"publish","type":"post","link":"https:\/\/diarioregionaldigital.com.br\/?p=91099","title":{"rendered":"Governo de Minas Gerais faz proposta para repasses aos munic\u00edpios"},"content":{"rendered":"<p>O Governo de Minas Gerais, mantendo um di\u00e1logo com os munic\u00edpios, apresentou um cronograma dos repasses aos munic\u00edpios. Em uma reuni\u00e3o proposta pelo Estado, os secret\u00e1rios de Governo, Odair Cunha, e de Fazenda, Jos\u00e9 Afonso Bicalho, se reuniram nessa quinta-feira (1\/2) com o presidente da Associa\u00e7\u00e3o Mineira de Munic\u00edpios (AMM), o prefeito de Moema, Julvan Lacerda, no Pal\u00e1cio da Liberdade, em Belo Horizonte.<\/p>\n<p>No encontro, o Governo do Estado apresentou a proposta de que o fluxo de repasses do IPVA (Imposto sobre a Propriedade de Ve\u00edculos Automotores) aos munic\u00edpios seja feito de forma autom\u00e1tica a partir da pr\u00f3xima semana.<\/p>\n<p>Mesmo os repasses do ICMS (Imposto sobre Circula\u00e7\u00e3o de Mercadorias e Presta\u00e7\u00e3o de Servi\u00e7os), que n\u00e3o t\u00eam atrasos, e, portanto, est\u00e3o em dia, passar\u00e3o a acontecer de forma autom\u00e1tica a partir desta mesma data. Em rela\u00e7\u00e3o ao transporte escolar, o Governo de Minas Gerais prop\u00f5e quitar os valores at\u00e9 o dia 19 de fevereiro.<\/p>\n<p>Nestas quinta e sexta-feira, a Secretaria de Estado da Fazenda depositou tr\u00eas parcelas de transporte escolar, totalizando R$ 96 milh\u00f5es. Portanto, para zerar a pend\u00eancia faltam mais duas parcelas (R$ 64 milh\u00f5es).<\/p>\n<p>O secret\u00e1rio de Estado de Desenvolvimento e Integra\u00e7\u00e3o do Norte e Nordeste de Minas, Epaminondas Pires de Miranda, o secret\u00e1rio de Cidades e de Integra\u00e7\u00e3o Regional, Carlos Murta e o presidente da Companhia de Habita\u00e7\u00e3o do Estado de Minas Gerais (Cohab), Alessandro Marques, tamb\u00e9m participaram da reuni\u00e3o com a diretoria da Associa\u00e7\u00e3o Mineira de Munic\u00edpios.<\/p>\n<p>Fonte: Ag\u00eancia Minas<\/p>\n","protected":false},"excerpt":{"rendered":"<p>O Governo de Minas Gerais, mantendo um di\u00e1logo com os munic\u00edpios, apresentou um cronograma dos repasses aos munic\u00edpios. Em uma reuni\u00e3o proposta pelo Estado, os secret\u00e1rios de Governo, Odair Cunha, e de Fazenda, Jos\u00e9 Afonso Bicalho, se reuniram nessa quinta-feira (1\/2) com o presidente da Associa\u00e7\u00e3o Mineira de Munic\u00edpios (AMM), o prefeito de Moema, Julvan [&hellip;]<\/p>\n","protected":false},"author":96,"featured_media":91098,"comment_status":"closed","ping_status":"closed","sticky":false,"template":"","format":"standard","meta":{"footnotes":""},"categories":[252],"tags":[],"class_list":["post-91099","post","type-post","status-publish","format-standard","has-post-thumbnail","hentry","category-regiao"],"_links":{"self":[{"href":"https:\/\/diarioregionaldigital.com.br\/index.php?rest_route=\/wp\/v2\/posts\/91099","targetHints":{"allow":["GET"]}}],"collection":[{"href":"https:\/\/diarioregionaldigital.com.br\/index.php?rest_route=\/wp\/v2\/posts"}],"about":[{"href":"https:\/\/diarioregionaldigital.com.br\/index.php?rest_route=\/wp\/v2\/types\/post"}],"author":[{"embeddable":true,"href":"https:\/\/diarioregionaldigital.com.br\/index.php?rest_route=\/wp\/v2\/users\/96"}],"replies":[{"embeddable":true,"href":"https:\/\/diarioregionaldigital.com.br\/index.php?rest_route=%2Fwp%2Fv2%2Fcomments&post=91099"}],"version-history":[{"count":0,"href":"https:\/\/diarioregionaldigital.com.br\/index.php?rest_route=\/wp\/v2\/posts\/91099\/revisions"}],"wp:featuredmedia":[{"embeddable":true,"href":"https:\/\/diarioregionaldigital.com.br\/index.php?rest_route=\/wp\/v2\/media\/91098"}],"wp:attachment":[{"href":"https:\/\/diarioregionaldigital.com.br\/index.php?rest_route=%2Fwp%2Fv2%2Fmedia&parent=91099"}],"wp:term":[{"taxonomy":"category","embeddable":true,"href":"https:\/\/diarioregionaldigital.com.br\/index.php?rest_route=%2Fwp%2Fv2%2Fcategories&post=91099"},{"taxonomy":"post_tag","embeddable":true,"href":"https:\/\/diarioregionaldigital.com.br\/index.php?rest_route=%2Fwp%2Fv2%2Ftags&post=91099"}],"curies":[{"name":"wp","href":"https:\/\/api.w.org\/{rel}","templated":true}]}}