{"id":91097,"date":"2018-02-03T17:44:17","date_gmt":"2018-02-03T19:44:17","guid":{"rendered":"http:\/\/diarioregionaljf.com.br\/2018\/02\/03\/fachin-abre-inquerito-para-apurar-suposta-ameaca-de-deputado-a-marcelo-calero\/"},"modified":"2018-02-03T17:44:17","modified_gmt":"2018-02-03T19:44:17","slug":"fachin-abre-inquerito-para-apurar-suposta-ameaca-de-deputado-a-marcelo-calero","status":"publish","type":"post","link":"https:\/\/diarioregionaldigital.com.br\/?p=91097","title":{"rendered":"Fachin abre inqu\u00e9rito para apurar suposta amea\u00e7a de deputado a Marcelo Calero"},"content":{"rendered":"<p>O ministro do Supremo Tribunal Federal (STF) Edson Fachin determinou hoje (2) abertura de inqu\u00e9rito para apurar supostas amea\u00e7as do deputado federal L\u00facio Vieira Lima (MDB-BA) ao ex-ministro da Cultura Marcelo Calero. As amea\u00e7as teriam sido feitas em fun\u00e7\u00e3o do epis\u00f3dio que levou \u00e0 ren\u00fancia do irm\u00e3o de L\u00facio, Geddel Vieira Lima, do cargo de ministro da Secretaria de Governo, em novembro de 2016.<\/p>\n<p>Na \u00e9poca, Calero deixou o governo ap\u00f3s reclamar de inger\u00eancias de Geddel, ent\u00e3o ministro da Secretaria de Governo, que pressionava pela libera\u00e7\u00e3o, pelo Instituto do Patrim\u00f4nio Hist\u00f3rico e Art\u00edstico Nacional (Iphan), de obra do empreendimento La Vue, situado em um bairro hist\u00f3rico de Salvador, no qual teria um apartamento.<\/p>\n<p>O pedido de investiga\u00e7\u00e3o sobre as amea\u00e7as foi feito pela procuradora-geral da Rep\u00fablica, Raquel Dodge, dentro do inqu\u00e9rito sobre os R$ 51 milh\u00f5es em dinheiro vivo apreendidos pela Pol\u00edcia Federal em um apartamento em Salvador, posteriormente atribu\u00eddos \u00e0 fam\u00edlia Vieira Lima.<\/p>\n<p>A reportagem entrou em contato com a defesa de Vieira Lima a aguarda retorno.<\/p>\n<p>Fonte: Ag\u00eancia Brasil<\/p>\n","protected":false},"excerpt":{"rendered":"<p>O ministro do Supremo Tribunal Federal (STF) Edson Fachin determinou hoje (2) abertura de inqu\u00e9rito para apurar supostas amea\u00e7as do deputado federal L\u00facio Vieira Lima (MDB-BA) ao ex-ministro da Cultura Marcelo Calero. As amea\u00e7as teriam sido feitas em fun\u00e7\u00e3o do epis\u00f3dio que levou \u00e0 ren\u00fancia do irm\u00e3o de L\u00facio, Geddel Vieira Lima, do cargo de [&hellip;]<\/p>\n","protected":false},"author":96,"featured_media":91096,"comment_status":"closed","ping_status":"closed","sticky":false,"template":"","format":"standard","meta":{"footnotes":""},"categories":[254],"tags":[],"class_list":["post-91097","post","type-post","status-publish","format-standard","has-post-thumbnail","hentry","category-politica"],"_links":{"self":[{"href":"https:\/\/diarioregionaldigital.com.br\/index.php?rest_route=\/wp\/v2\/posts\/91097","targetHints":{"allow":["GET"]}}],"collection":[{"href":"https:\/\/diarioregionaldigital.com.br\/index.php?rest_route=\/wp\/v2\/posts"}],"about":[{"href":"https:\/\/diarioregionaldigital.com.br\/index.php?rest_route=\/wp\/v2\/types\/post"}],"author":[{"embeddable":true,"href":"https:\/\/diarioregionaldigital.com.br\/index.php?rest_route=\/wp\/v2\/users\/96"}],"replies":[{"embeddable":true,"href":"https:\/\/diarioregionaldigital.com.br\/index.php?rest_route=%2Fwp%2Fv2%2Fcomments&post=91097"}],"version-history":[{"count":0,"href":"https:\/\/diarioregionaldigital.com.br\/index.php?rest_route=\/wp\/v2\/posts\/91097\/revisions"}],"wp:featuredmedia":[{"embeddable":true,"href":"https:\/\/diarioregionaldigital.com.br\/index.php?rest_route=\/wp\/v2\/media\/91096"}],"wp:attachment":[{"href":"https:\/\/diarioregionaldigital.com.br\/index.php?rest_route=%2Fwp%2Fv2%2Fmedia&parent=91097"}],"wp:term":[{"taxonomy":"category","embeddable":true,"href":"https:\/\/diarioregionaldigital.com.br\/index.php?rest_route=%2Fwp%2Fv2%2Fcategories&post=91097"},{"taxonomy":"post_tag","embeddable":true,"href":"https:\/\/diarioregionaldigital.com.br\/index.php?rest_route=%2Fwp%2Fv2%2Ftags&post=91097"}],"curies":[{"name":"wp","href":"https:\/\/api.w.org\/{rel}","templated":true}]}}