{"id":91095,"date":"2018-02-03T13:01:23","date_gmt":"2018-02-03T15:01:23","guid":{"rendered":"http:\/\/diarioregionaljf.com.br\/2018\/02\/03\/pm-apreende-75-barras-de-maconha-em-um-carro-no-bairro-alto-santo-antonio\/"},"modified":"2018-02-03T13:01:23","modified_gmt":"2018-02-03T15:01:23","slug":"pm-apreende-75-barras-de-maconha-em-um-carro-no-bairro-alto-santo-antonio","status":"publish","type":"post","link":"https:\/\/diarioregionaldigital.com.br\/?p=91095","title":{"rendered":"PM apreende 75 barras de maconha em um carro no bairro Alto Santo Ant\u00f4nio"},"content":{"rendered":"<p>A Pol\u00edcia Militar (PM) localizou e apreendeu 75 barras de maconha em um carro localizado no bairro Alto Santo Ant\u00f4nio, zona Sudeste de Juiz de Fora. A a\u00e7\u00e3o ocorreu na tarde desta sexta-feira, 2.<\/p>\n<p>De acordo com o registro de ocorr\u00eancia da Pol\u00edcia Militar (PM), uma guarni\u00e7\u00e3o passava pela Rua Primeira Vit\u00f3ria, quando um indiv\u00edduo, ao visualizar a viatura, saiu correndo pela via e acessou uma trilha em uma mata pr\u00f3ximo ao local.<\/p>\n<p>Os policiais ent\u00e3o seguiram em busca do indiv\u00edduo, por\u00e9m, n\u00e3o o alcan\u00e7aram. Entretanto, durante a persegui\u00e7\u00e3o, o suspeito deixou cair uma chave de carro, a qual foi recolhida pelo policiais.<\/p>\n<p>Em conversa com populares, os mesmos informaram que o indiv\u00edduo teria 23 anos e indicaram o local onde ele moraria.<\/p>\n<p>A PM se deslocou at\u00e9 a resid\u00eancia, onde foi identificado um carro da marca Chevette, estacionado em frente.<\/p>\n<p>Os policiais realizaram chamados em frente a casa, e um homem de 54 anos apresentou-se. Ele se identificou como propriet\u00e1rio do carro e ao ser realizada busca no ve\u00edculo, foram encontradas 75 barras de maconha prensada no porta-malas, pesando aproximadamente 75 kg cada uma.<\/p>\n<p>A PM tamb\u00e9m realizou buscas dentro da casa do homem, localizando materiais destinados a embalagem de drogas, balan\u00e7a de precis\u00e3o, R$479, um rev\u00f3lver calibre 32 com dois cartuchos, r\u00e1dios comunicadores, al\u00e9m de outras drogas.<\/p>\n<p>O ve\u00edculo foi apreendido e removido.<\/p>\n","protected":false},"excerpt":{"rendered":"<p>A Pol\u00edcia Militar (PM) localizou e apreendeu 75 barras de maconha em um carro localizado no bairro Alto Santo Ant\u00f4nio, zona Sudeste de Juiz de Fora. A a\u00e7\u00e3o ocorreu na tarde desta sexta-feira, 2. De acordo com o registro de ocorr\u00eancia da Pol\u00edcia Militar (PM), uma guarni\u00e7\u00e3o passava pela Rua Primeira Vit\u00f3ria, quando um indiv\u00edduo, [&hellip;]<\/p>\n","protected":false},"author":96,"featured_media":91094,"comment_status":"closed","ping_status":"closed","sticky":false,"template":"","format":"standard","meta":{"footnotes":""},"categories":[301],"tags":[],"class_list":["post-91095","post","type-post","status-publish","format-standard","has-post-thumbnail","hentry","category-artigos-policiais"],"_links":{"self":[{"href":"https:\/\/diarioregionaldigital.com.br\/index.php?rest_route=\/wp\/v2\/posts\/91095","targetHints":{"allow":["GET"]}}],"collection":[{"href":"https:\/\/diarioregionaldigital.com.br\/index.php?rest_route=\/wp\/v2\/posts"}],"about":[{"href":"https:\/\/diarioregionaldigital.com.br\/index.php?rest_route=\/wp\/v2\/types\/post"}],"author":[{"embeddable":true,"href":"https:\/\/diarioregionaldigital.com.br\/index.php?rest_route=\/wp\/v2\/users\/96"}],"replies":[{"embeddable":true,"href":"https:\/\/diarioregionaldigital.com.br\/index.php?rest_route=%2Fwp%2Fv2%2Fcomments&post=91095"}],"version-history":[{"count":0,"href":"https:\/\/diarioregionaldigital.com.br\/index.php?rest_route=\/wp\/v2\/posts\/91095\/revisions"}],"wp:featuredmedia":[{"embeddable":true,"href":"https:\/\/diarioregionaldigital.com.br\/index.php?rest_route=\/wp\/v2\/media\/91094"}],"wp:attachment":[{"href":"https:\/\/diarioregionaldigital.com.br\/index.php?rest_route=%2Fwp%2Fv2%2Fmedia&parent=91095"}],"wp:term":[{"taxonomy":"category","embeddable":true,"href":"https:\/\/diarioregionaldigital.com.br\/index.php?rest_route=%2Fwp%2Fv2%2Fcategories&post=91095"},{"taxonomy":"post_tag","embeddable":true,"href":"https:\/\/diarioregionaldigital.com.br\/index.php?rest_route=%2Fwp%2Fv2%2Ftags&post=91095"}],"curies":[{"name":"wp","href":"https:\/\/api.w.org\/{rel}","templated":true}]}}