{"id":91093,"date":"2018-02-03T12:38:28","date_gmt":"2018-02-03T14:38:28","guid":{"rendered":"http:\/\/diarioregionaljf.com.br\/2018\/02\/03\/numero-de-assinantes-da-telefonia-fixa-cai-2-96-em-2017\/"},"modified":"2018-02-03T12:38:28","modified_gmt":"2018-02-03T14:38:28","slug":"numero-de-assinantes-da-telefonia-fixa-cai-2-96-em-2017","status":"publish","type":"post","link":"https:\/\/diarioregionaldigital.com.br\/?p=91093","title":{"rendered":"N\u00famero de assinantes da telefonia fixa cai 2,96% em 2017"},"content":{"rendered":"<p>O servi\u00e7o de telefonia fixa terminou o ano de 2017 com queda de 2,96% no n\u00famero de assinantes. No total, nos \u00faltimos 12 meses, houve redu\u00e7\u00e3o de 1,2 milh\u00e3o de linhas, fazendo com que o n\u00famero de contratos do servi\u00e7o terminasse o ano com 40,8 milh\u00f5es de linhas em opera\u00e7\u00e3o.<\/p>\n<p>Os n\u00fameros, divulgados hoje (2) pela Ag\u00eancia Nacional de Telecomunica\u00e7\u00f5es (Anatel), tamb\u00e9m mostram que, no ano, as empresas as autorizadas perderam 134,7 mil linhas, uma queda de 0,11%, e as concession\u00e1rias tiveram redu\u00e7\u00e3o de 1,1 milh\u00e3o de unidades, recuo de 4,48 %.<\/p>\n<p>Entre os estados, S\u00e3o Paulo aparece na frente no que diz respeito \u00e0 redu\u00e7\u00e3o no n\u00famero de linhas. Nos \u00faltimos 12 meses, com 412 mil linhas a menos, o estado apresentou uma queda de 2,61%. Em seguida, aparece o Rio de Janeiro, com menos 330,9 mil linhas, perda de 6,46%; seguido por Minas Gerais, com menos 109,3 mil e recuo de 2,74%.<\/p>\n<p>Apenas tr\u00eas estados apresentaram crescimento: Santa Catarina, com 20,4 mil linhas fixas, aumento de 1,22%; Paran\u00e1, com mais 7,8 mil, acr\u00e9scimo de 0,27%, e Acre, com mais 0,2 mil linhas, eleva\u00e7\u00e3o de 0,24%.<\/p>\n<p><span style=\"font-size: 18pt;\">Grupos<\/span><\/p>\n<p>Entre as empresas que prestam o servi\u00e7os na modalidade autorizada, a Algar Telecom liderou o crescimento da telefonia fixa, com aumento de 85,8 mil linhas, acr\u00e9scimo percentual de 34,47%; em seguida vem a Vivo, com 11,6 mil, aumento de 0,24%, e da Oi, com 3,3 mil e percentual de 2,06%.<\/p>\n<p>A Claro foi a empresa que mais perdeu clientes: houve redu\u00e7\u00e3o de 249,2 mil, o que representa recuo de 2,24% na base de assinantes. Depois, veio a Tim, com menos 9,6 mil linhas e recuo de 1,4%.<\/p>\n<p>Entre as concession\u00e1rias, a Algar Telecom apresentou resultado positivo. Na compara\u00e7\u00e3o de dezembro do ano passado com o mesmo m\u00eas de 2016, a companhia cresceu 22,5 mil unidades, aumento percentual de 3,07%; seguida da Claro, com 0,1 mil e aumento de 7,06%.<\/p>\n<p>A Oi, que passou todo o ano em um tumultuado processo de recupera\u00e7\u00e3o judicial, teve a maior redu\u00e7\u00e3o no n\u00famero de clientes. Nos \u00faltimos 12 meses, foram 837,3 mil linhas fixas a menos, com recuo de 5,91%. Depois, veio a Vivo, com menos 291,4 mil, perda de 3,01%.<\/p>\n<p>Fonte: Ag\u00eancia Brasil<\/p>\n","protected":false},"excerpt":{"rendered":"<p>O servi\u00e7o de telefonia fixa terminou o ano de 2017 com queda de 2,96% no n\u00famero de assinantes. No total, nos \u00faltimos 12 meses, houve redu\u00e7\u00e3o de 1,2 milh\u00e3o de linhas, fazendo com que o n\u00famero de contratos do servi\u00e7o terminasse o ano com 40,8 milh\u00f5es de linhas em opera\u00e7\u00e3o. Os n\u00fameros, divulgados hoje (2) [&hellip;]<\/p>\n","protected":false},"author":96,"featured_media":91092,"comment_status":"closed","ping_status":"closed","sticky":false,"template":"","format":"standard","meta":{"footnotes":""},"categories":[261],"tags":[],"class_list":["post-91093","post","type-post","status-publish","format-standard","has-post-thumbnail","hentry","category-economia"],"_links":{"self":[{"href":"https:\/\/diarioregionaldigital.com.br\/index.php?rest_route=\/wp\/v2\/posts\/91093","targetHints":{"allow":["GET"]}}],"collection":[{"href":"https:\/\/diarioregionaldigital.com.br\/index.php?rest_route=\/wp\/v2\/posts"}],"about":[{"href":"https:\/\/diarioregionaldigital.com.br\/index.php?rest_route=\/wp\/v2\/types\/post"}],"author":[{"embeddable":true,"href":"https:\/\/diarioregionaldigital.com.br\/index.php?rest_route=\/wp\/v2\/users\/96"}],"replies":[{"embeddable":true,"href":"https:\/\/diarioregionaldigital.com.br\/index.php?rest_route=%2Fwp%2Fv2%2Fcomments&post=91093"}],"version-history":[{"count":0,"href":"https:\/\/diarioregionaldigital.com.br\/index.php?rest_route=\/wp\/v2\/posts\/91093\/revisions"}],"wp:featuredmedia":[{"embeddable":true,"href":"https:\/\/diarioregionaldigital.com.br\/index.php?rest_route=\/wp\/v2\/media\/91092"}],"wp:attachment":[{"href":"https:\/\/diarioregionaldigital.com.br\/index.php?rest_route=%2Fwp%2Fv2%2Fmedia&parent=91093"}],"wp:term":[{"taxonomy":"category","embeddable":true,"href":"https:\/\/diarioregionaldigital.com.br\/index.php?rest_route=%2Fwp%2Fv2%2Fcategories&post=91093"},{"taxonomy":"post_tag","embeddable":true,"href":"https:\/\/diarioregionaldigital.com.br\/index.php?rest_route=%2Fwp%2Fv2%2Ftags&post=91093"}],"curies":[{"name":"wp","href":"https:\/\/api.w.org\/{rel}","templated":true}]}}