{"id":91091,"date":"2018-02-03T12:32:41","date_gmt":"2018-02-03T14:32:41","guid":{"rendered":"http:\/\/diarioregionaljf.com.br\/2018\/02\/03\/settra-altera-transito-para-desfile-do-bloco-parangole-valvulado\/"},"modified":"2018-02-03T12:32:41","modified_gmt":"2018-02-03T14:32:41","slug":"settra-altera-transito-para-desfile-do-bloco-parangole-valvulado","status":"publish","type":"post","link":"https:\/\/diarioregionaldigital.com.br\/?p=91091","title":{"rendered":"Settra altera tr\u00e2nsito para desfile do Bloco \u201cParangol\u00e9 Valvulado\u201d"},"content":{"rendered":"<p>A Secretaria de Transporte e Tr\u00e2nsito (Settra) da Prefeitura de Juiz de Fora (PJF) promover\u00e1 altera\u00e7\u00f5es no tr\u00e2nsito, no domingo, 4, em fun\u00e7\u00e3o do desfile do Bloco \u201cParangol\u00e9 Valvulado\u201d. A Avenida Get\u00falio Vargas, entre a Rio Branco e Rua Jarbas de Lery, ser\u00e1 totalmente interditada a partir das 11h30. O mesmo acontecer\u00e1 com a Jarbas de Lery. A partir das 15 horas, o trecho da Get\u00falio Vargas, entre Rua S\u00e3o Sebasti\u00e3o e Avenida Itamar Franco, ter\u00e1 interdi\u00e7\u00e3o total.<\/p>\n<p>Com as modifica\u00e7\u00f5es, os itiner\u00e1rios de algumas linhas do transporte coletivo tamb\u00e9m sofrer\u00e3o altera\u00e7\u00f5es. S\u00e3o elas:<\/p>\n<p><span style=\"font-size: 18pt;\">Cons\u00f3rcio Via JF<\/span><\/p>\n<p>Linhas 102 e 116:<br \/>Avenida Rio Branco, ruas Agassis, Mariano Proc\u00f3pio e Ant\u00f4nio Lagrota, Avenida Brasil, Viaduto Augusto Franco e avenidas Francisco Bernardino e Rio Branco.<\/p>\n<p>Linhas 101, 103, 105, 107, 109, 110, 150 e 155:<br \/>Avenida Brasil, Viaduto Augusto Franco e avenidas Francisco Bernardino e Rio Branco.<\/p>\n<p>Linhas 201, 202, 203, 204, 205, 206, 207, 208 e 209:<br \/>Avenida Rio Branco, ruas Agassis, Mariano Proc\u00f3pio e Ant\u00f4nio Lagrota, Avenida Brasil, Viaduto Augusto Franco e avenidas Itamar Franco e Rio Branco.<\/p>\n<p>Linha 230:<br \/>Avenida Brasil (margem direita), Rua Espirito Santo, Avenida Brasil (margem direita), Ponte Nelson Silva e Avenida Brasil (margem esquerda).<\/p>\n<p>Linha 231 e 232:<br \/>Avenida Rio Branco, ruas Agassis, Mariano Proc\u00f3pio e Ant\u00f4nio Lagrota, Avenida Brasil (margem direita), Rua Espirito Santo, Avenida Brasil (margem direita), Ponte Nelson Silva eAvenida Brasil (margem esquerda).<\/p>\n<p>Linhas 703, 706, 707, 709, 710, 712, 714 a 723, 725, 726, 728, 729, 730 a 736, 739, 740, 746, 747, 748, 749, 752, 753, 754, 758, 760 e 767:<br \/>Avenida Brasil, Viaduto Augusto Franco, Travessa Dr. Prisco e Avenida Francisco Bernardino.<\/p>\n<p>Linhas 701, 702 e 709:<br \/>Avenida dos Andradas, Rua Silva Jardim, Avenida Francisco Bernardino, Rua Bar\u00e3o de Cataguases e Avenida dos Andradas.<\/p>\n<p><span style=\"font-size: 18pt;\">Cons\u00f3rcio Manchester<\/span><\/p>\n<p>Linha 311:<br \/>Avenida Rio Branco, ruas Agassis, Mariano Proc\u00f3pio e Ant\u00f4nio Lagrota, Avenida Brasil, Rua Esp\u00edrito Santo e Avenida Brasil.<\/p>\n<p>Linhas 301 a 309 e 313 a 399:<br \/>Avenida Francisco Bernardino, Rua Benjamim Constant e Avenida Brasil (margem direita).<\/p>\n<p>Linhas 400, 413, 416, 420, 423, 425, 426, 427, 428, 429, 435 e 436:<br \/>Rua Benjamim Constant, Avenida Brasil (margem direita), Viaduto Augusto Franco, Travessa Dr. Prisco, Avenida Francisco Bernardino e Rua Benjamim Constant.<\/p>\n<p>Linhas 411, 415, 424, 430, 431, 432, 433, 434, 437, 438, 439, 440, 441, 443, 444, 445 e 447:<br \/>Avenida Francisco Bernardino, Rua Benjamim Constant e Avenida Brasil (margem direita).<\/p>\n<p>Linhas 402, 403, 404, 405 e 406:<br \/>Avenida Rio Branco, ruas Agassis, Mariano Proc\u00f3pio e Ant\u00f4nio Lagrota, Avenida Brasil, Viaduto Augusto Franco e avenidas Itamar Franco e Rio Branco.<\/p>\n<p>Linha 407:<br \/>Rua Benjamim Constant, Avenida Brasil (margem direita), Viaduto Augusto Franco e Avenida Presidente Itamar Franco.<\/p>\n<p>Linhas 505, 516, 530, 533, 538, 540 e 542:<br \/>Avenida dos Andradas, ruas Benjamim Constant, Santo Ant\u00f4nio e Paula Lima e Avenida dos Andradas.<\/p>\n<p>Linhas 519, 523, 529, 543, 546 e 549:<br \/>Avenidas Itamar Franco e Francisco Bernardino, Rua Bar\u00e3o de Cataguases e avenidas Bar\u00e3o do Rio Branco (pista central) e Itamar Franco.<\/p>\n<p>Linhas 539, 544 e 548:<br \/>Avenidas dos Andradas, Rio Branco e Itamar Franco.<\/p>\n<p>Linhas 600 a 610, 613 a 616, 620 e 621:<br \/>Avenida dos Andradas, Rua Silva Jardim, Avenida Francisco Bernardino, Rua Bar\u00e3o de Cataguases e Avenida dos Andradas.<\/p>\n<p>Linha 630:<br \/>Avenida Brasil, Viaduto Augusto Franco e avenidas Itamar Franco e Rio Branco.<\/p>\n<p>Linhas 700, 708, 713, 727, 738, 741, 742, 743, 744, 745 e 751:<br \/>Avenida Brasil, Viaduto Augusto Franco, Travessa Doutor Prisco e Avenida Francisco Bernardino.<\/p>\n<p>Linhas 704, 705 e 737:<br \/>Avenida dos Andradas, Rua Silva Jardim, Avenida Francisco Bernardino, Rua Bar\u00e3o de Cataguases e Avenida dos Andradas.<\/p>\n<p>Fonte: Assessoria \/ PJF<\/p>\n","protected":false},"excerpt":{"rendered":"<p>A Secretaria de Transporte e Tr\u00e2nsito (Settra) da Prefeitura de Juiz de Fora (PJF) promover\u00e1 altera\u00e7\u00f5es no tr\u00e2nsito, no domingo, 4, em fun\u00e7\u00e3o do desfile do Bloco \u201cParangol\u00e9 Valvulado\u201d. A Avenida Get\u00falio Vargas, entre a Rio Branco e Rua Jarbas de Lery, ser\u00e1 totalmente interditada a partir das 11h30. O mesmo acontecer\u00e1 com a Jarbas [&hellip;]<\/p>\n","protected":false},"author":96,"featured_media":91090,"comment_status":"closed","ping_status":"closed","sticky":false,"template":"","format":"standard","meta":{"footnotes":""},"categories":[253],"tags":[],"class_list":["post-91091","post","type-post","status-publish","format-standard","has-post-thumbnail","hentry","category-cidade"],"_links":{"self":[{"href":"https:\/\/diarioregionaldigital.com.br\/index.php?rest_route=\/wp\/v2\/posts\/91091","targetHints":{"allow":["GET"]}}],"collection":[{"href":"https:\/\/diarioregionaldigital.com.br\/index.php?rest_route=\/wp\/v2\/posts"}],"about":[{"href":"https:\/\/diarioregionaldigital.com.br\/index.php?rest_route=\/wp\/v2\/types\/post"}],"author":[{"embeddable":true,"href":"https:\/\/diarioregionaldigital.com.br\/index.php?rest_route=\/wp\/v2\/users\/96"}],"replies":[{"embeddable":true,"href":"https:\/\/diarioregionaldigital.com.br\/index.php?rest_route=%2Fwp%2Fv2%2Fcomments&post=91091"}],"version-history":[{"count":0,"href":"https:\/\/diarioregionaldigital.com.br\/index.php?rest_route=\/wp\/v2\/posts\/91091\/revisions"}],"wp:featuredmedia":[{"embeddable":true,"href":"https:\/\/diarioregionaldigital.com.br\/index.php?rest_route=\/wp\/v2\/media\/91090"}],"wp:attachment":[{"href":"https:\/\/diarioregionaldigital.com.br\/index.php?rest_route=%2Fwp%2Fv2%2Fmedia&parent=91091"}],"wp:term":[{"taxonomy":"category","embeddable":true,"href":"https:\/\/diarioregionaldigital.com.br\/index.php?rest_route=%2Fwp%2Fv2%2Fcategories&post=91091"},{"taxonomy":"post_tag","embeddable":true,"href":"https:\/\/diarioregionaldigital.com.br\/index.php?rest_route=%2Fwp%2Fv2%2Ftags&post=91091"}],"curies":[{"name":"wp","href":"https:\/\/api.w.org\/{rel}","templated":true}]}}