{"id":91089,"date":"2018-02-03T12:28:42","date_gmt":"2018-02-03T14:28:42","guid":{"rendered":"http:\/\/diarioregionaljf.com.br\/2018\/02\/03\/homem-e-agredido-por-dupla-em-motos-ao-seguir-para-o-trabalho\/"},"modified":"2018-02-03T12:28:42","modified_gmt":"2018-02-03T14:28:42","slug":"homem-e-agredido-por-dupla-em-motos-ao-seguir-para-o-trabalho","status":"publish","type":"post","link":"https:\/\/diarioregionaldigital.com.br\/?p=91089","title":{"rendered":"Homem \u00e9 agredido por dupla em motos ao seguir para o trabalho"},"content":{"rendered":"<p>Um homem de 56 anos foi agredido e assaltado ao seguir para o trabalho, na madrugada deste s\u00e1bado, 3. O fato ocorreu no bairro Francisco Bernardino, localizado na zona Norte.<\/p>\n<p>De acordo com a Pol\u00edcia Militar (PM), o homem caminhava pela Rua Ab\u00edlio gomes, quando foi abordado por dois indiv\u00edduos, cada um em uma moto.<\/p>\n<p>Os autores cercaram o homem, um deles desceu da moto e come\u00e7ou a agredi-lo com socos e pontap\u00e9s. Eles roubaram a bolsa da v\u00edtima contendo documentos pessoais. Ap\u00f3s o crime fugiram.<\/p>\n<p>A v\u00edtima n\u00e3o apresentou ferimentos aparentes e recebeu orienta\u00e7\u00f5es necess\u00e1rias da PM.<\/p>\n<p>Buscas foram realizadas, mas os indiv\u00edduos n\u00e3o foram encontrados.<\/p>\n","protected":false},"excerpt":{"rendered":"<p>Um homem de 56 anos foi agredido e assaltado ao seguir para o trabalho, na madrugada deste s\u00e1bado, 3. O fato ocorreu no bairro Francisco Bernardino, localizado na zona Norte. De acordo com a Pol\u00edcia Militar (PM), o homem caminhava pela Rua Ab\u00edlio gomes, quando foi abordado por dois indiv\u00edduos, cada um em uma moto. [&hellip;]<\/p>\n","protected":false},"author":96,"featured_media":91088,"comment_status":"closed","ping_status":"closed","sticky":false,"template":"","format":"standard","meta":{"footnotes":""},"categories":[301],"tags":[],"class_list":["post-91089","post","type-post","status-publish","format-standard","has-post-thumbnail","hentry","category-artigos-policiais"],"_links":{"self":[{"href":"https:\/\/diarioregionaldigital.com.br\/index.php?rest_route=\/wp\/v2\/posts\/91089","targetHints":{"allow":["GET"]}}],"collection":[{"href":"https:\/\/diarioregionaldigital.com.br\/index.php?rest_route=\/wp\/v2\/posts"}],"about":[{"href":"https:\/\/diarioregionaldigital.com.br\/index.php?rest_route=\/wp\/v2\/types\/post"}],"author":[{"embeddable":true,"href":"https:\/\/diarioregionaldigital.com.br\/index.php?rest_route=\/wp\/v2\/users\/96"}],"replies":[{"embeddable":true,"href":"https:\/\/diarioregionaldigital.com.br\/index.php?rest_route=%2Fwp%2Fv2%2Fcomments&post=91089"}],"version-history":[{"count":0,"href":"https:\/\/diarioregionaldigital.com.br\/index.php?rest_route=\/wp\/v2\/posts\/91089\/revisions"}],"wp:featuredmedia":[{"embeddable":true,"href":"https:\/\/diarioregionaldigital.com.br\/index.php?rest_route=\/wp\/v2\/media\/91088"}],"wp:attachment":[{"href":"https:\/\/diarioregionaldigital.com.br\/index.php?rest_route=%2Fwp%2Fv2%2Fmedia&parent=91089"}],"wp:term":[{"taxonomy":"category","embeddable":true,"href":"https:\/\/diarioregionaldigital.com.br\/index.php?rest_route=%2Fwp%2Fv2%2Fcategories&post=91089"},{"taxonomy":"post_tag","embeddable":true,"href":"https:\/\/diarioregionaldigital.com.br\/index.php?rest_route=%2Fwp%2Fv2%2Ftags&post=91089"}],"curies":[{"name":"wp","href":"https:\/\/api.w.org\/{rel}","templated":true}]}}