{"id":91085,"date":"2018-02-03T12:06:13","date_gmt":"2018-02-03T14:06:13","guid":{"rendered":"http:\/\/diarioregionaljf.com.br\/2018\/02\/03\/para-garantir-aprovacao-meirelles-diz-que-texto-da-reforma-pode-ser-negociado\/"},"modified":"2018-02-03T12:06:13","modified_gmt":"2018-02-03T14:06:13","slug":"para-garantir-aprovacao-meirelles-diz-que-texto-da-reforma-pode-ser-negociado","status":"publish","type":"post","link":"https:\/\/diarioregionaldigital.com.br\/?p=91085","title":{"rendered":"Para garantir aprova\u00e7\u00e3o, Meirelles diz que texto da reforma pode ser negociado"},"content":{"rendered":"<p>O governo admite negociar alguns t\u00f3picos do texto final da proposta de reforma da Previd\u00eancia visando a sua aprova\u00e7\u00e3o no Congresso Nacional. Foi o que disse hoje (2) a jornalistas o ministro Henrique Meirelles, na Associa\u00e7\u00e3o Comercial do Rio de Janeiro, onde participou do evento Almo\u00e7o do Empres\u00e1rio.<\/p>\n<p>O ministro n\u00e3o quis, entretanto, adiantar quais seriam esses pontos. \u201cEu acho que negocia\u00e7\u00e3o \u00e9 algo que se faz durante o processo. Voc\u00ea n\u00e3o anuncia at\u00e9 onde est\u00e1 disposto a chegar porque, se n\u00e3o, j\u00e1 come\u00e7a a negocia\u00e7\u00e3o dali. Acho que o ideal seria aprovar o substitutivo que est\u00e1 hoje em andamento no Congresso\u201d.<br \/>O ministro destacou, por outro lado, que \u201cse houver necessidades que n\u00e3o afetem fundamentalmente o benef\u00edcio fiscal e a equidade do plano e, ao mesmo tempo possam gerar uma possibilidade de aprova\u00e7\u00e3o, \u00e9 uma quest\u00e3o de discuss\u00e3o entre a \u00e1rea pol\u00edtica e a base parlamentar\u201d.<\/p>\n<p>A vota\u00e7\u00e3o da reforma est\u00e1 prevista para o pr\u00f3ximo dia 19. Para Meirelles, o trabalho de esclarecimento que o governo vem efetuando nos \u00faltimos tempos est\u00e1 produzindo resultados positivos. H\u00e1 indica\u00e7\u00f5es de que existe um n\u00famero maior de parlamentares favor\u00e1veis \u00e0 reforma, segundo ele.<\/p>\n<p>\u201cAgora, \u00e9 o momento de intensifica\u00e7\u00e3o do trabalho, visando \u00e0 aprova\u00e7\u00e3o da reforma da Previd\u00eancia, que \u00e9 fundamental para o pa\u00eds\u201d, afirmou Meirelles. Indicou que esse trabalho deve ser aprofundado pela \u00e1rea pol\u00edtica do governo e pelos l\u00edderes do Congresso e da base aliada.<br \/>O ministro da Fazenda disse que a reforma da Previd\u00eancia \u00e9 importante para o Brasil do ponto de vista de justi\u00e7a, equidade e fiscal. Informou que a taxa de reposi\u00e7\u00e3o, que \u00e9 a raz\u00e3o entre o valor do benef\u00edcio da aposentadoria e o sal\u00e1rio, \u00e9 de 76% no Brasil, contra 37% na Irlanda e em torno de 50% nos pa\u00edses da Organiza\u00e7\u00e3o para a Coopera\u00e7\u00e3o e o Desenvolvimento Econ\u00f4mico (OCDE).<\/p>\n<p>Mais dissonante ainda \u00e9 a idade m\u00e9dia da aposentadoria, salientou o ministro. No M\u00e9xico, por exemplo, a m\u00e9dia entre os homens para se aposentar \u00e9 de 72 anos de idade. Na OCDE, 64 anos e, no Brasil, 59,4 anos de idade.<\/p>\n<p>Henrique Meirelles argumentou ainda que cerca de 57% do Or\u00e7amento da Uni\u00e3o no ano passado foram gastos com despesas da Previd\u00eancia Social. \u201cSe continuar essa tend\u00eancia, em 2026, as despesas com assist\u00eancia social ser\u00e3o de 80%\u201d, externou.<\/p>\n<p><span style=\"font-size: 18pt;\">Contingenciamento<\/span><\/p>\n<p>Meirelles comentou tamb\u00e9m sobre o ajuste no Or\u00e7amento anunciado hoje pelo Minist\u00e9rio do Planejamento. De acordo com ele, do total de R$ 16,2 bilh\u00f5es que ser\u00e3o bloqueados do Or\u00e7amento da Uni\u00e3o em 2018, R$ 8 bilh\u00f5es poder\u00e3o ser descontigenciados se a arrecada\u00e7\u00e3o crescer.<\/p>\n<p>Segundo Meirelles, os recursos bloqueados \u201cest\u00e3o direcionados, quer dizer, contingentes \u00e0 aprova\u00e7\u00e3o da [privatiza\u00e7\u00e3o da] Eletrobras e \u00e0 arrecada\u00e7\u00e3o&#8221;. Entretanto, destacou que o panorama \u00e9 favor\u00e1vel. \u201cA arrecada\u00e7\u00e3o est\u00e1 crescendo e n\u00f3s precisamos aguardar a evolu\u00e7\u00e3o da arrecada\u00e7\u00e3o para ver se \u00e9 poss\u00edvel o desbloqueio desses R$ 8 bilh\u00f5es\u201d.<\/p>\n<p>Fonte: Ag\u00eancia Brasil<\/p>\n","protected":false},"excerpt":{"rendered":"<p>O governo admite negociar alguns t\u00f3picos do texto final da proposta de reforma da Previd\u00eancia visando a sua aprova\u00e7\u00e3o no Congresso Nacional. Foi o que disse hoje (2) a jornalistas o ministro Henrique Meirelles, na Associa\u00e7\u00e3o Comercial do Rio de Janeiro, onde participou do evento Almo\u00e7o do Empres\u00e1rio. O ministro n\u00e3o quis, entretanto, adiantar quais [&hellip;]<\/p>\n","protected":false},"author":96,"featured_media":91084,"comment_status":"closed","ping_status":"closed","sticky":false,"template":"","format":"standard","meta":{"footnotes":""},"categories":[254],"tags":[],"class_list":["post-91085","post","type-post","status-publish","format-standard","has-post-thumbnail","hentry","category-politica"],"_links":{"self":[{"href":"https:\/\/diarioregionaldigital.com.br\/index.php?rest_route=\/wp\/v2\/posts\/91085","targetHints":{"allow":["GET"]}}],"collection":[{"href":"https:\/\/diarioregionaldigital.com.br\/index.php?rest_route=\/wp\/v2\/posts"}],"about":[{"href":"https:\/\/diarioregionaldigital.com.br\/index.php?rest_route=\/wp\/v2\/types\/post"}],"author":[{"embeddable":true,"href":"https:\/\/diarioregionaldigital.com.br\/index.php?rest_route=\/wp\/v2\/users\/96"}],"replies":[{"embeddable":true,"href":"https:\/\/diarioregionaldigital.com.br\/index.php?rest_route=%2Fwp%2Fv2%2Fcomments&post=91085"}],"version-history":[{"count":0,"href":"https:\/\/diarioregionaldigital.com.br\/index.php?rest_route=\/wp\/v2\/posts\/91085\/revisions"}],"wp:featuredmedia":[{"embeddable":true,"href":"https:\/\/diarioregionaldigital.com.br\/index.php?rest_route=\/wp\/v2\/media\/91084"}],"wp:attachment":[{"href":"https:\/\/diarioregionaldigital.com.br\/index.php?rest_route=%2Fwp%2Fv2%2Fmedia&parent=91085"}],"wp:term":[{"taxonomy":"category","embeddable":true,"href":"https:\/\/diarioregionaldigital.com.br\/index.php?rest_route=%2Fwp%2Fv2%2Fcategories&post=91085"},{"taxonomy":"post_tag","embeddable":true,"href":"https:\/\/diarioregionaldigital.com.br\/index.php?rest_route=%2Fwp%2Fv2%2Ftags&post=91085"}],"curies":[{"name":"wp","href":"https:\/\/api.w.org\/{rel}","templated":true}]}}