{"id":91083,"date":"2018-02-03T12:01:07","date_gmt":"2018-02-03T14:01:07","guid":{"rendered":"http:\/\/diarioregionaljf.com.br\/2018\/02\/03\/quatro-em-cada-dez-consumidores-planejam-gastar-menos-neste-carnaval\/"},"modified":"2018-02-03T12:01:07","modified_gmt":"2018-02-03T14:01:07","slug":"quatro-em-cada-dez-consumidores-planejam-gastar-menos-neste-carnaval","status":"publish","type":"post","link":"https:\/\/diarioregionaldigital.com.br\/?p=91083","title":{"rendered":"Quatro em cada dez consumidores planejam gastar menos neste carnaval"},"content":{"rendered":"<p>O carnaval deve mobilizar mais de 72 milh\u00f5es de consumidores em todas as capitais do pa\u00eds, de acordo com levantamento realizado pelo Servi\u00e7o de Prote\u00e7\u00e3o ao Cr\u00e9dito (SPC Brasil) e pela Confedera\u00e7\u00e3o Nacional de Dirigentes Lojistas (CNDL). Segundo a pesquisa, 48% dos brasileiros devem fazer alguma compra ou contrata\u00e7\u00e3o de servi\u00e7os para aproveitar os dias do feriado. Aqueles que n\u00e3o devem consumir produtos relacionados ao carnaval correspondem a 27% dos entrevistados e 25% estavam indecisos.<\/p>\n<p>Os dados indicam que, apesar da infla\u00e7\u00e3o baixa, a sensa\u00e7\u00e3o \u00e9 a de que o carnaval est\u00e1 mais caro. A maioria dos entrevistados (51%) acredita que os pre\u00e7os dos produtos e servi\u00e7os ligados \u00e0 festa est\u00e3o mais caros neste ano do que no mesmo per\u00edodo de 2017, segundo a pesquisa. Outros 30% consideram que os produtos e servi\u00e7os est\u00e3o na mesma faixa de pre\u00e7o e 15% pensam estar mais baratos.<\/p>\n<p>Dos entrevistados, 32% devem viajar a lazer no per\u00edodo, 27% pretendem viajar para a casa de parentes e amigos e 20% devem participar de eventos na pr\u00f3pria cidade onde moram. Aqueles que v\u00e3o descansar em retiros espirituis somam 4%. Os locais de hospedagem mais comuns s\u00e3o casa de familiares e amigos (46%), hot\u00e9is e pousadas (23%) e apartamentos, s\u00edtios ou casas alugadas (14%).<\/p>\n<p>Para o presidente do SPC Brasil, Roque Pellizzaro Junior, o carnaval representa um grande potencial de consumo para os empres\u00e1rios brasileiros. \u201cMais do que uma grande festa, o carnaval \u00e9 um grande neg\u00f3cio, que impulsiona muitos setores da economia. Se, por um lado, o pa\u00eds inteiro est\u00e1 prestes a mergulhar em um longo feriado coletivo, por outro, a ind\u00fastria do turismo e empresas de com\u00e9rcio e servi\u00e7os comemoram o enorme alcance da data e se preparam para atender a uma demanda de consumo diversificada\u201d, disse.<\/p>\n<p>Considerando os brasileiros que devem gastar dinheiro no carnaval deste ano, 49% planejam participar de blocos de rua para comemorar o feriado. Outras atividades comuns s\u00e3o as festas em clube ou boates (26%), ensaios de escola de samba (24%), shows em trios el\u00e9tricos (23%) e desfiles em escolas de samba (20%).<\/p>\n<p>J\u00e1 o gasto m\u00e9dio por consumidor ser\u00e1 de R$ 847, cifra que sobe para R$ 969,10 entre os homens e para R$ 1.185,42 entre as pessoas das classes A e B. A maior parte dos consumidores deve reduzir os gastos com o carnaval ou mant\u00ea-los parecidos com os do ano passado: quatro em cada dez (40%) entrevistados planejam gastar menos, 32% v\u00e3o desembolsar a mesma quantia que em 2017 e 21% pretendem aumentar os gastos. O consumo de cerveja e idas a bares e restaurantes ser\u00e3o os respons\u00e1veis pelos principais gastos, apontou a pesquisa.<\/p>\n<p>Os supermercados s\u00e3o os locais que devem concentrar as compras ligadas ao carnaval: 66% dos consumidores devem frequentar algum desses estabelecimentos. Em segundo lugar, aparecem os shopping centers (30%), depois as lojas de rua (30%) e as lojas de departamento (27%).<\/p>\n<p><span style=\"font-size: 18pt;\">Planejamento<\/span><\/p>\n<p>O levantamento demonstra que os gastos de carnaval sem planejamento podem comprometer as finan\u00e7as. A maioria (80%) dos foli\u00f5es disse ter um planejamento para os gastos que far\u00e3o no feriado, enquanto 20% das pessoas entrevistadas respoderam que v\u00e3o aproveitar a data sem ter estipulado um teto de gastos ou juntado dinheiro para isso.<\/p>\n<p>Quarenta por cento dos consumidores que ter\u00e3o gastos no Carnaval deste ano admitiram ter o costume de extrapolar o or\u00e7amento quando festejam a data, sobretudo com comidas e bebidas (24%), festas (14%) e viagens (12%).<\/p>\n<p>Dados do levantamento apontam que 21% dos brasileiros que tiveram gastos no per\u00edodo do carnaval de 2017 ficaram com o nome sujo devido a pagamentos pendentes. Considerando aqueles que manifestaram a inten\u00e7\u00e3o de gastar no feriado deste ano, 31% est\u00e3o com o CPF em cadastros de inadimplentes.<\/p>\n<p>Fonte: Ag\u00eancia Brasil<\/p>\n","protected":false},"excerpt":{"rendered":"<p>O carnaval deve mobilizar mais de 72 milh\u00f5es de consumidores em todas as capitais do pa\u00eds, de acordo com levantamento realizado pelo Servi\u00e7o de Prote\u00e7\u00e3o ao Cr\u00e9dito (SPC Brasil) e pela Confedera\u00e7\u00e3o Nacional de Dirigentes Lojistas (CNDL). Segundo a pesquisa, 48% dos brasileiros devem fazer alguma compra ou contrata\u00e7\u00e3o de servi\u00e7os para aproveitar os dias [&hellip;]<\/p>\n","protected":false},"author":96,"featured_media":91082,"comment_status":"closed","ping_status":"closed","sticky":false,"template":"","format":"standard","meta":{"footnotes":""},"categories":[261],"tags":[],"class_list":["post-91083","post","type-post","status-publish","format-standard","has-post-thumbnail","hentry","category-economia"],"_links":{"self":[{"href":"https:\/\/diarioregionaldigital.com.br\/index.php?rest_route=\/wp\/v2\/posts\/91083","targetHints":{"allow":["GET"]}}],"collection":[{"href":"https:\/\/diarioregionaldigital.com.br\/index.php?rest_route=\/wp\/v2\/posts"}],"about":[{"href":"https:\/\/diarioregionaldigital.com.br\/index.php?rest_route=\/wp\/v2\/types\/post"}],"author":[{"embeddable":true,"href":"https:\/\/diarioregionaldigital.com.br\/index.php?rest_route=\/wp\/v2\/users\/96"}],"replies":[{"embeddable":true,"href":"https:\/\/diarioregionaldigital.com.br\/index.php?rest_route=%2Fwp%2Fv2%2Fcomments&post=91083"}],"version-history":[{"count":0,"href":"https:\/\/diarioregionaldigital.com.br\/index.php?rest_route=\/wp\/v2\/posts\/91083\/revisions"}],"wp:featuredmedia":[{"embeddable":true,"href":"https:\/\/diarioregionaldigital.com.br\/index.php?rest_route=\/wp\/v2\/media\/91082"}],"wp:attachment":[{"href":"https:\/\/diarioregionaldigital.com.br\/index.php?rest_route=%2Fwp%2Fv2%2Fmedia&parent=91083"}],"wp:term":[{"taxonomy":"category","embeddable":true,"href":"https:\/\/diarioregionaldigital.com.br\/index.php?rest_route=%2Fwp%2Fv2%2Fcategories&post=91083"},{"taxonomy":"post_tag","embeddable":true,"href":"https:\/\/diarioregionaldigital.com.br\/index.php?rest_route=%2Fwp%2Fv2%2Ftags&post=91083"}],"curies":[{"name":"wp","href":"https:\/\/api.w.org\/{rel}","templated":true}]}}