{"id":91030,"date":"2018-02-02T12:38:14","date_gmt":"2018-02-02T14:38:14","guid":{"rendered":"http:\/\/diarioregionaljf.com.br\/2018\/02\/02\/jose-roberto-maranhas-responsavel-pelo-departamento-medico-do-tupi-anuncia-sua-saida-do-clube\/"},"modified":"2018-02-02T12:38:14","modified_gmt":"2018-02-02T14:38:14","slug":"jose-roberto-maranhas-responsavel-pelo-departamento-medico-do-tupi-anuncia-sua-saida-do-clube","status":"publish","type":"post","link":"https:\/\/diarioregionaldigital.com.br\/?p=91030","title":{"rendered":"Jos\u00e9 Roberto Maranhas respons\u00e1vel pelo departamento m\u00e9dico do Tupi anuncia sua sa\u00edda do clube"},"content":{"rendered":"<p>Os bastidores do Tupi est\u00e3o agitados com o an\u00fancio da sa\u00edda de Jos\u00e9 Roberto Maranhas. Ap\u00f3s os desligamentos do preparador de goleiros Walker Campos e do enfermeiro Creso Heleno, ainda em 2017, outro profissional identificado com o Carij\u00f3 deixou Santa Terezinha. Por\u00e9m, diferentemente das raz\u00f5es particulares e trabalhistas de Walker, e trabalhistas de Creso, a partida de Maranhas teve outras raz\u00f5es.<\/p>\n<p>Sem tempo dispon\u00edvel, m\u00e9dico se afastou do dia a dia do Carij\u00f3. Trocas de fisioterapeutas e isolamento com nova c\u00fapula do futebol geraram desgaste e influenciaram decis\u00e3o.<\/p>\n<p>Jos\u00e9 Roberto Maranhas era vice-presidente do futebol e respons\u00e1vel pelo departamento m\u00e9dico. J\u00e1 comunicou aos demais dirigentes a sua sa\u00edda e n\u00e3o ficou no banco de reservas domingo, dia 28 diante da Caldense &nbsp;a vaga, durante o jogo, foi preenchida por Waltencir Freguglia, marido da presidente do clube, Myrian Fortuna.<\/p>\n<p>&nbsp;Sem cr\u00edticas diretas aos dirigentes que permanecem, o agora ex-vice-presidente n\u00e3o desmente o desgaste ocorrido nos bastidores do jogo entre Tupi e Uberl\u00e2ndia, pela segunda rodada do Campeonato Mineiro, que pode ter sido a gota d\u00b4\u00e1gua para ele se desligar do clube.<\/p>\n","protected":false},"excerpt":{"rendered":"<p>Os bastidores do Tupi est\u00e3o agitados com o an\u00fancio da sa\u00edda de Jos\u00e9 Roberto Maranhas. Ap\u00f3s os desligamentos do preparador de goleiros Walker Campos e do enfermeiro Creso Heleno, ainda em 2017, outro profissional identificado com o Carij\u00f3 deixou Santa Terezinha. Por\u00e9m, diferentemente das raz\u00f5es particulares e trabalhistas de Walker, e trabalhistas de Creso, a [&hellip;]<\/p>\n","protected":false},"author":96,"featured_media":91029,"comment_status":"closed","ping_status":"closed","sticky":false,"template":"","format":"standard","meta":{"footnotes":""},"categories":[257],"tags":[],"class_list":["post-91030","post","type-post","status-publish","format-standard","has-post-thumbnail","hentry","category-esporte"],"_links":{"self":[{"href":"https:\/\/diarioregionaldigital.com.br\/index.php?rest_route=\/wp\/v2\/posts\/91030","targetHints":{"allow":["GET"]}}],"collection":[{"href":"https:\/\/diarioregionaldigital.com.br\/index.php?rest_route=\/wp\/v2\/posts"}],"about":[{"href":"https:\/\/diarioregionaldigital.com.br\/index.php?rest_route=\/wp\/v2\/types\/post"}],"author":[{"embeddable":true,"href":"https:\/\/diarioregionaldigital.com.br\/index.php?rest_route=\/wp\/v2\/users\/96"}],"replies":[{"embeddable":true,"href":"https:\/\/diarioregionaldigital.com.br\/index.php?rest_route=%2Fwp%2Fv2%2Fcomments&post=91030"}],"version-history":[{"count":0,"href":"https:\/\/diarioregionaldigital.com.br\/index.php?rest_route=\/wp\/v2\/posts\/91030\/revisions"}],"wp:featuredmedia":[{"embeddable":true,"href":"https:\/\/diarioregionaldigital.com.br\/index.php?rest_route=\/wp\/v2\/media\/91029"}],"wp:attachment":[{"href":"https:\/\/diarioregionaldigital.com.br\/index.php?rest_route=%2Fwp%2Fv2%2Fmedia&parent=91030"}],"wp:term":[{"taxonomy":"category","embeddable":true,"href":"https:\/\/diarioregionaldigital.com.br\/index.php?rest_route=%2Fwp%2Fv2%2Fcategories&post=91030"},{"taxonomy":"post_tag","embeddable":true,"href":"https:\/\/diarioregionaldigital.com.br\/index.php?rest_route=%2Fwp%2Fv2%2Ftags&post=91030"}],"curies":[{"name":"wp","href":"https:\/\/api.w.org\/{rel}","templated":true}]}}