{"id":91028,"date":"2018-02-02T12:18:54","date_gmt":"2018-02-02T14:18:54","guid":{"rendered":"http:\/\/diarioregionaljf.com.br\/2018\/02\/02\/homem-e-preso-por-posse-ilegal-de-arma-no-encosta-do-sol\/"},"modified":"2018-02-02T12:18:54","modified_gmt":"2018-02-02T14:18:54","slug":"homem-e-preso-por-posse-ilegal-de-arma-no-encosta-do-sol","status":"publish","type":"post","link":"https:\/\/diarioregionaldigital.com.br\/?p=91028","title":{"rendered":"Homem \u00e9 preso por posse ilegal de arma no Encosta do Sol"},"content":{"rendered":"<p>Um homem de 38 anos foi preso por posse ilegal de arma de fogo na noite desta quinta-feira, 1\u00ba, no bairro Encosta do Sol, localizado na zona Norte da cidade.<\/p>\n<p>Segundo informa\u00e7\u00f5es do registro da ocorr\u00eancia, a Pol\u00edcia Militar (PM) localizou em uma serralheria do homem, um rev\u00f3lver calibre 32, tr\u00eas cartuchos de arma do tipo ca\u00e7a, tr\u00eas coldres de rev\u00f3lver, al\u00e9m de uma pedra de crack e um cigarro de maconha. Todos os materiais foram apreendidos.<\/p>\n<p>O homem foi conduzido para delegacia.<\/p>\n","protected":false},"excerpt":{"rendered":"<p>Um homem de 38 anos foi preso por posse ilegal de arma de fogo na noite desta quinta-feira, 1\u00ba, no bairro Encosta do Sol, localizado na zona Norte da cidade. Segundo informa\u00e7\u00f5es do registro da ocorr\u00eancia, a Pol\u00edcia Militar (PM) localizou em uma serralheria do homem, um rev\u00f3lver calibre 32, tr\u00eas cartuchos de arma do [&hellip;]<\/p>\n","protected":false},"author":96,"featured_media":91027,"comment_status":"closed","ping_status":"closed","sticky":false,"template":"","format":"standard","meta":{"footnotes":""},"categories":[301],"tags":[],"class_list":["post-91028","post","type-post","status-publish","format-standard","has-post-thumbnail","hentry","category-artigos-policiais"],"_links":{"self":[{"href":"https:\/\/diarioregionaldigital.com.br\/index.php?rest_route=\/wp\/v2\/posts\/91028","targetHints":{"allow":["GET"]}}],"collection":[{"href":"https:\/\/diarioregionaldigital.com.br\/index.php?rest_route=\/wp\/v2\/posts"}],"about":[{"href":"https:\/\/diarioregionaldigital.com.br\/index.php?rest_route=\/wp\/v2\/types\/post"}],"author":[{"embeddable":true,"href":"https:\/\/diarioregionaldigital.com.br\/index.php?rest_route=\/wp\/v2\/users\/96"}],"replies":[{"embeddable":true,"href":"https:\/\/diarioregionaldigital.com.br\/index.php?rest_route=%2Fwp%2Fv2%2Fcomments&post=91028"}],"version-history":[{"count":0,"href":"https:\/\/diarioregionaldigital.com.br\/index.php?rest_route=\/wp\/v2\/posts\/91028\/revisions"}],"wp:featuredmedia":[{"embeddable":true,"href":"https:\/\/diarioregionaldigital.com.br\/index.php?rest_route=\/wp\/v2\/media\/91027"}],"wp:attachment":[{"href":"https:\/\/diarioregionaldigital.com.br\/index.php?rest_route=%2Fwp%2Fv2%2Fmedia&parent=91028"}],"wp:term":[{"taxonomy":"category","embeddable":true,"href":"https:\/\/diarioregionaldigital.com.br\/index.php?rest_route=%2Fwp%2Fv2%2Fcategories&post=91028"},{"taxonomy":"post_tag","embeddable":true,"href":"https:\/\/diarioregionaldigital.com.br\/index.php?rest_route=%2Fwp%2Fv2%2Ftags&post=91028"}],"curies":[{"name":"wp","href":"https:\/\/api.w.org\/{rel}","templated":true}]}}