{"id":91026,"date":"2018-02-02T11:05:12","date_gmt":"2018-02-02T13:05:12","guid":{"rendered":"http:\/\/diarioregionaljf.com.br\/2018\/02\/02\/jovem-tenta-matar-o-proprio-pai-a-facadas-no-distrito-de-torreoes\/"},"modified":"2018-02-02T11:05:12","modified_gmt":"2018-02-02T13:05:12","slug":"jovem-tenta-matar-o-proprio-pai-a-facadas-no-distrito-de-torreoes","status":"publish","type":"post","link":"https:\/\/diarioregionaldigital.com.br\/?p=91026","title":{"rendered":"Jovem tenta matar o pr\u00f3prio pai a facadas no distrito de Torre\u00f5es"},"content":{"rendered":"<p>Um homem de 59 anos foi v\u00edtima de uma tentativa de homic\u00eddio, cometida pelo pr\u00f3prio filho, na noite desta quinta-feira, 1\u00ba. O crime ocorreu em Torre\u00f5es, distrito de Juiz de Fora.<\/p>\n<p>De acordo com o registro de ocorr\u00eancias da Pol\u00edcia Militar (PM), pai e filho se desentenderam e durante a briga, o autor, de 24 anos, atacou a v\u00edtima utilizando uma faca.<\/p>\n<p>Ap\u00f3s o crime, o autor entrou em um \u00f4nibus em dire\u00e7\u00e3o a Juiz de Fora, a fim de fugir.<\/p>\n<p>A PM foi acionada e conseguiu localizar o \u00f4nibus no qual estaria o jovem. Ele foi abordado dentro do coletivo e confirmou a tentativa de homic\u00eddio contra o pr\u00f3prio pai.<\/p>\n<p>Em di\u00e1logo com os policiais militares o autor alegou que motivo de ter tentado matar o pai seria que o mesmo teria assassinado sua m\u00e3e, que no caso \u00e9 esposa da v\u00edtima. Outro motivo seria a venda de um lote a terceiros.<\/p>\n<p>O jovem foi conduzido para delegacia.<\/p>\n<p>A v\u00edtima foi socorrida pelo Servi\u00e7o de Atendimento M\u00f3vel de Urg\u00eancia (SAMU), em estado grave, com duas perfura\u00e7\u00f5es na regi\u00e3o tor\u00e1cica lombar e a faca empalada. Ele foi encaminhado para o Hospital de Pronto Socorro (HPS), onde segue internado.<\/p>\n","protected":false},"excerpt":{"rendered":"<p>Um homem de 59 anos foi v\u00edtima de uma tentativa de homic\u00eddio, cometida pelo pr\u00f3prio filho, na noite desta quinta-feira, 1\u00ba. O crime ocorreu em Torre\u00f5es, distrito de Juiz de Fora. De acordo com o registro de ocorr\u00eancias da Pol\u00edcia Militar (PM), pai e filho se desentenderam e durante a briga, o autor, de 24 [&hellip;]<\/p>\n","protected":false},"author":96,"featured_media":91025,"comment_status":"closed","ping_status":"closed","sticky":false,"template":"","format":"standard","meta":{"footnotes":""},"categories":[301],"tags":[],"class_list":["post-91026","post","type-post","status-publish","format-standard","has-post-thumbnail","hentry","category-artigos-policiais"],"_links":{"self":[{"href":"https:\/\/diarioregionaldigital.com.br\/index.php?rest_route=\/wp\/v2\/posts\/91026","targetHints":{"allow":["GET"]}}],"collection":[{"href":"https:\/\/diarioregionaldigital.com.br\/index.php?rest_route=\/wp\/v2\/posts"}],"about":[{"href":"https:\/\/diarioregionaldigital.com.br\/index.php?rest_route=\/wp\/v2\/types\/post"}],"author":[{"embeddable":true,"href":"https:\/\/diarioregionaldigital.com.br\/index.php?rest_route=\/wp\/v2\/users\/96"}],"replies":[{"embeddable":true,"href":"https:\/\/diarioregionaldigital.com.br\/index.php?rest_route=%2Fwp%2Fv2%2Fcomments&post=91026"}],"version-history":[{"count":0,"href":"https:\/\/diarioregionaldigital.com.br\/index.php?rest_route=\/wp\/v2\/posts\/91026\/revisions"}],"wp:featuredmedia":[{"embeddable":true,"href":"https:\/\/diarioregionaldigital.com.br\/index.php?rest_route=\/wp\/v2\/media\/91025"}],"wp:attachment":[{"href":"https:\/\/diarioregionaldigital.com.br\/index.php?rest_route=%2Fwp%2Fv2%2Fmedia&parent=91026"}],"wp:term":[{"taxonomy":"category","embeddable":true,"href":"https:\/\/diarioregionaldigital.com.br\/index.php?rest_route=%2Fwp%2Fv2%2Fcategories&post=91026"},{"taxonomy":"post_tag","embeddable":true,"href":"https:\/\/diarioregionaldigital.com.br\/index.php?rest_route=%2Fwp%2Fv2%2Ftags&post=91026"}],"curies":[{"name":"wp","href":"https:\/\/api.w.org\/{rel}","templated":true}]}}