{"id":91024,"date":"2018-02-01T22:19:46","date_gmt":"2018-02-02T00:19:46","guid":{"rendered":"http:\/\/diarioregionaljf.com.br\/2018\/02\/01\/casal-suspeito-de-cometer-tentativa-de-latrocinio-no-rio-de-janeiro-e-preso-em-jf\/"},"modified":"2018-02-01T22:19:46","modified_gmt":"2018-02-02T00:19:46","slug":"casal-suspeito-de-cometer-tentativa-de-latrocinio-no-rio-de-janeiro-e-preso-em-jf","status":"publish","type":"post","link":"https:\/\/diarioregionaldigital.com.br\/?p=91024","title":{"rendered":"Casal suspeito de cometer tentativa de latroc\u00ednio no Rio de Janeiro \u00e9 preso em JF"},"content":{"rendered":"<p>Uma mulher de 24 anos e um homem de 26, respons\u00e1veis por uma tentativa de latroc\u00ednio ocorrida nessa quarta-feira, 31, em um condom\u00ednio na Barra da Tijuca, no munic\u00edpio do Rio de Janeiro, foram presos nesta quinta-feira, 1\u00ba, em Juiz de Fora.<\/p>\n<p>A\u00e7\u00e3o conjunta envolveu a 16\u00aa Delegacia de Pol\u00edcia da Barra da Tijuca e a Delegacia Especializada em Armas, Muni\u00e7\u00f5es e Explosivos (DESARME), com o apoio da Pol\u00edcia Civil de Minas Gerais (PCMG), por interm\u00e9dio da Delegacia Especializada em Repress\u00e3o a Roubos de Juiz de Fora.<\/p>\n<p>A pris\u00e3o do casal foi poss\u00edvel gra\u00e7as a uma intensa troca de informa\u00e7\u00f5es de intelig\u00eancia com as Pol\u00edcias Militares do Rio de Janeiro (Tr\u00eas Rios) e de Minas Gerais (Juiz de Fora) e tamb\u00e9m com a Pol\u00edcia Rodovi\u00e1ria Federal (PRF), o que permitiu a localiza\u00e7\u00e3o dos suspeitos no bairro Milho Branco, zona Norte da cidade.<\/p>\n<p>O casal foi preso por agentes da Pol\u00edcia Civil com o ve\u00edculo utilizado no crime, ainda com vest\u00edgios de sangue, e com pertences que foram levados da v\u00edtima, al\u00e9m de uma peruca que teria sido utilizada pela autora.<\/p>\n<p>&nbsp;<\/p>\n<h4>O CASO<\/h4>\n<p>De acordo com as investiga\u00e7\u00f5es conduzidas pelo Dr. Marcus Neves e pela Dra. Isabelle Conti, delegados titular e assistente da 16\u00aa DP, um empres\u00e1rio teria marcado um encontro com a autora, por meio de um aplicativo de namoro, e acabou sendo esfaqueado v\u00e1rias vezes por ela e por seu namorado, o qual teria conseguido ingressar no local escondido no porta malas do ve\u00edculo utilizado pela companheira.<\/p>\n<p>A v\u00edtima recebeu diversos golpes de faca e se encontra internada em estado grave no Hospital Barra D&#8217;Or, tamb\u00e9m na Barra da Tijuca.<\/p>\n<p>A empregada dom\u00e9stica do empres\u00e1rio contou que a suspeita chegou por volta das 22h e jantou com a v\u00edtima. Depois, ambos seguiram para o quarto dele. Por volta de 1h30, ela afirmou ter ouvido o patr\u00e3o gritar por socorro e dizer que estava sendo esfaqueado pela mulher.<br \/>A funcion\u00e1ria disse ainda que saiu do pr\u00f3prio quarto ao ver um homem andando pela escada que d\u00e1 acesso ao c\u00f4modo onde ela estava. A dom\u00e9stica contou que fugiu pelo telhado da resid\u00eancia, andou por cima do muro da casa e correu at\u00e9 a portaria do pr\u00e9dio para pedir ajuda.<br \/>Enquanto isso, os suspeitos deixavam o local.<\/p>\n<p>A Pol\u00edcia Civil informou, ainda, que investiga se a autora usou &#8220;boa noite cinderela&#8221; para dopar a v\u00edtima.<\/p>\n<p>&nbsp;<\/p>\n<p>Da reda\u00e7\u00e3o\/Colabora\u00e7\u00e3o Assessoria<\/p>\n","protected":false},"excerpt":{"rendered":"<p>Uma mulher de 24 anos e um homem de 26, respons\u00e1veis por uma tentativa de latroc\u00ednio ocorrida nessa quarta-feira, 31, em um condom\u00ednio na Barra da Tijuca, no munic\u00edpio do Rio de Janeiro, foram presos nesta quinta-feira, 1\u00ba, em Juiz de Fora. A\u00e7\u00e3o conjunta envolveu a 16\u00aa Delegacia de Pol\u00edcia da Barra da Tijuca e [&hellip;]<\/p>\n","protected":false},"author":96,"featured_media":91023,"comment_status":"closed","ping_status":"closed","sticky":false,"template":"","format":"standard","meta":{"footnotes":""},"categories":[253],"tags":[],"class_list":["post-91024","post","type-post","status-publish","format-standard","has-post-thumbnail","hentry","category-cidade"],"_links":{"self":[{"href":"https:\/\/diarioregionaldigital.com.br\/index.php?rest_route=\/wp\/v2\/posts\/91024","targetHints":{"allow":["GET"]}}],"collection":[{"href":"https:\/\/diarioregionaldigital.com.br\/index.php?rest_route=\/wp\/v2\/posts"}],"about":[{"href":"https:\/\/diarioregionaldigital.com.br\/index.php?rest_route=\/wp\/v2\/types\/post"}],"author":[{"embeddable":true,"href":"https:\/\/diarioregionaldigital.com.br\/index.php?rest_route=\/wp\/v2\/users\/96"}],"replies":[{"embeddable":true,"href":"https:\/\/diarioregionaldigital.com.br\/index.php?rest_route=%2Fwp%2Fv2%2Fcomments&post=91024"}],"version-history":[{"count":0,"href":"https:\/\/diarioregionaldigital.com.br\/index.php?rest_route=\/wp\/v2\/posts\/91024\/revisions"}],"wp:featuredmedia":[{"embeddable":true,"href":"https:\/\/diarioregionaldigital.com.br\/index.php?rest_route=\/wp\/v2\/media\/91023"}],"wp:attachment":[{"href":"https:\/\/diarioregionaldigital.com.br\/index.php?rest_route=%2Fwp%2Fv2%2Fmedia&parent=91024"}],"wp:term":[{"taxonomy":"category","embeddable":true,"href":"https:\/\/diarioregionaldigital.com.br\/index.php?rest_route=%2Fwp%2Fv2%2Fcategories&post=91024"},{"taxonomy":"post_tag","embeddable":true,"href":"https:\/\/diarioregionaldigital.com.br\/index.php?rest_route=%2Fwp%2Fv2%2Ftags&post=91024"}],"curies":[{"name":"wp","href":"https:\/\/api.w.org\/{rel}","templated":true}]}}