{"id":91020,"date":"2018-02-01T21:20:44","date_gmt":"2018-02-01T23:20:44","guid":{"rendered":"http:\/\/diarioregionaljf.com.br\/2018\/02\/01\/inscricoes-para-o-cartao-passe-facil-estudante-ja-estao-abertas\/"},"modified":"2018-02-01T21:20:44","modified_gmt":"2018-02-01T23:20:44","slug":"inscricoes-para-o-cartao-passe-facil-estudante-ja-estao-abertas","status":"publish","type":"post","link":"https:\/\/diarioregionaldigital.com.br\/?p=91020","title":{"rendered":"Inscri\u00e7\u00f5es para o \u201cCart\u00e3o Passe F\u00e1cil Estudante\u201d j\u00e1 est\u00e3o abertas"},"content":{"rendered":"<p>A Secretaria de Educa\u00e7\u00e3o (SE) da Prefeitura de Juiz de Fora (PJF) abriu nesta quinta-feira, 1\u00ba, as inscri\u00e7\u00f5es para o programa municipal \u201cCart\u00e3o Passe F\u00e1cil Estudante\u201d. O benef\u00edcio, oferecido em parceria com a Secretaria de Transporte e Tr\u00e2nsito (Settra), concede ao aluno da rede municipal de ensino a gratuidade nos \u00f4nibus urbanos da cidade. O cadastramento pode ser feito at\u00e9 28 de mar\u00e7o.<\/p>\n<p>O aluno tem que estar matriculado em institui\u00e7\u00e3o de ensino para assegurar o aux\u00edlio, residir a mais de um quil\u00f4metro da escola e ter renda familiar de at\u00e9 dois sal\u00e1rios m\u00ednimos, al\u00e9m de seguir outros crit\u00e9rios, estabelecidos no edital divulgado no \u201cAtos do Governo\u201d, <a href=\"https:\/\/www.pjf.mg.gov.br\/e_atos\/e_atos_vis.php?id=58908\" target=\"_blank\" rel=\"noopener noreferrer\">site da PJF<\/a>.<\/p>\n<p>O primeiro passo para requerer o \u201cCart\u00e3o Passe F\u00e1cil\u201d \u00e9 ir \u00e0 ag\u00eancia do Espa\u00e7o Cidad\u00e3o mais perto da resid\u00eancia (confira abaixo os endere\u00e7os).<\/p>\n<p>O candidato dever\u00e1 levar os originais e c\u00f3pia dos seguintes documentos: certid\u00e3o de nascimento ou carteira de identidade, Cadastro de Pessoa F\u00edsica (CPF), certid\u00e3o de casamento, comprovante de resid\u00eancia, renda familiar e matr\u00edcula do aluno. Os estudantes que j\u00e1 est\u00e3o cadastrados n\u00e3o precisam efetivar nova inscri\u00e7\u00e3o. Ap\u00f3s este processo, o material segue para an\u00e1lise da Supervis\u00e3o de Transporte Escolar (STE) da SE, e posterior emiss\u00e3o do parecer.<\/p>\n<p>Os respons\u00e1veis pelos alunos e estudantes maiores de 18 anos podem procurar a escola na qual o candidato est\u00e1 matriculado, para solicitar a ficha de inscri\u00e7\u00e3o e o comprovante de matr\u00edcula, a fim de ter acesso ao benef\u00edcio.<\/p>\n<p>&nbsp;<\/p>\n<h4>ENDERE\u00c7OS ESPA\u00c7O CIDAD\u00c3O<\/h4>\n<p>&#8211; Central: Avenida Bar\u00e3o do Rio Branco, n\u00ba 2.234, Centro;<br \/>&#8211; Sul: Rua Porto das Flores, n\u00ba 270, Santa Luzia;<br \/>&#8211; Norte: Rua In\u00eas Garcia, n\u00ba 357, Benfica;<br \/>&#8211; Oeste: Avenida Presidente Costa e Silva, n\u00ba 1.800, S\u00e3o Pedro;<br \/>&#8211; Nordeste: Rua Santa Terezinha, n\u00ba 172, Santa Terezinha.<\/p>\n<p>&nbsp;<\/p>\n<p>Fonte: Assessoria<\/p>\n","protected":false},"excerpt":{"rendered":"<p>A Secretaria de Educa\u00e7\u00e3o (SE) da Prefeitura de Juiz de Fora (PJF) abriu nesta quinta-feira, 1\u00ba, as inscri\u00e7\u00f5es para o programa municipal \u201cCart\u00e3o Passe F\u00e1cil Estudante\u201d. O benef\u00edcio, oferecido em parceria com a Secretaria de Transporte e Tr\u00e2nsito (Settra), concede ao aluno da rede municipal de ensino a gratuidade nos \u00f4nibus urbanos da cidade. O [&hellip;]<\/p>\n","protected":false},"author":96,"featured_media":91019,"comment_status":"closed","ping_status":"closed","sticky":false,"template":"","format":"standard","meta":{"footnotes":""},"categories":[253],"tags":[],"class_list":["post-91020","post","type-post","status-publish","format-standard","has-post-thumbnail","hentry","category-cidade"],"_links":{"self":[{"href":"https:\/\/diarioregionaldigital.com.br\/index.php?rest_route=\/wp\/v2\/posts\/91020","targetHints":{"allow":["GET"]}}],"collection":[{"href":"https:\/\/diarioregionaldigital.com.br\/index.php?rest_route=\/wp\/v2\/posts"}],"about":[{"href":"https:\/\/diarioregionaldigital.com.br\/index.php?rest_route=\/wp\/v2\/types\/post"}],"author":[{"embeddable":true,"href":"https:\/\/diarioregionaldigital.com.br\/index.php?rest_route=\/wp\/v2\/users\/96"}],"replies":[{"embeddable":true,"href":"https:\/\/diarioregionaldigital.com.br\/index.php?rest_route=%2Fwp%2Fv2%2Fcomments&post=91020"}],"version-history":[{"count":0,"href":"https:\/\/diarioregionaldigital.com.br\/index.php?rest_route=\/wp\/v2\/posts\/91020\/revisions"}],"wp:featuredmedia":[{"embeddable":true,"href":"https:\/\/diarioregionaldigital.com.br\/index.php?rest_route=\/wp\/v2\/media\/91019"}],"wp:attachment":[{"href":"https:\/\/diarioregionaldigital.com.br\/index.php?rest_route=%2Fwp%2Fv2%2Fmedia&parent=91020"}],"wp:term":[{"taxonomy":"category","embeddable":true,"href":"https:\/\/diarioregionaldigital.com.br\/index.php?rest_route=%2Fwp%2Fv2%2Fcategories&post=91020"},{"taxonomy":"post_tag","embeddable":true,"href":"https:\/\/diarioregionaldigital.com.br\/index.php?rest_route=%2Fwp%2Fv2%2Ftags&post=91020"}],"curies":[{"name":"wp","href":"https:\/\/api.w.org\/{rel}","templated":true}]}}