{"id":91018,"date":"2018-02-01T20:48:37","date_gmt":"2018-02-01T22:48:37","guid":{"rendered":"http:\/\/diarioregionaljf.com.br\/2018\/02\/01\/forum-sindical-e-popular-programa-ato-contra-a-reforma-da-previdencia-em-juiz-de-fora\/"},"modified":"2018-02-01T20:48:37","modified_gmt":"2018-02-01T22:48:37","slug":"forum-sindical-e-popular-programa-ato-contra-a-reforma-da-previdencia-em-juiz-de-fora","status":"publish","type":"post","link":"https:\/\/diarioregionaldigital.com.br\/?p=91018","title":{"rendered":"F\u00f3rum Sindical e Popular programa ato contra a reforma da Previd\u00eancia em Juiz de Fora"},"content":{"rendered":"<p>Sindicatos e movimentos sociais que comp\u00f5em o F\u00f3rum Sindical e Popular est\u00e3o se mobilizando para realizar um ato contra a reforma da Previd\u00eancia, no dia 19 de fevereiro, data prevista para a primeira vota\u00e7\u00e3o da mat\u00e9ria na C\u00e2mara dos Deputados.<\/p>\n<p>\u201cO ato tem um \u00fanico objetivo que \u00e9 a quest\u00e3o da reforma da Previd\u00eancia, que se aprovada na C\u00e2mara segue para o Senado\u201d, ressaltou Priscila Fraga, integrante do movimento da juventude Revide. \u201cEla \u00e9 a ponta do iceberg. J\u00e1 tivemos uma s\u00e9rie de perdas com a aprova\u00e7\u00e3o da reforma Trabalhista. N\u00e3o podemos deixar que se perca mais um direito\u201d, acrescentou a militante.<\/p>\n<p>Segundo Priscila, centrais sindicais se mobilizam para realizar atos em todo o pa\u00eds. \u201c\u00c9 uma forma de unificar a luta e isso \u00e9 fundamental. A gente vive um momento de retirada de direitos em cima dos trabalhadores. Infelizmente, s\u00f3 dos trabalhadores. A corda sempre arrebenta para o lado mais fraco\u201d, enfatizou.<\/p>\n<p>Com o andamento da tramita\u00e7\u00e3o do texto na C\u00e2mara dos Deputados, trabalhadores realizaram uma greve geral no ano passado. A previs\u00e3o dos manifestantes era que houvesse uma nova paralisa\u00e7\u00e3o no dia 19, por\u00e9m ela n\u00e3o ser\u00e1 concretizada. \u201cNos reuniremos ap\u00f3s o Carnaval e o ato para fazer um balan\u00e7o de como foi e discutir as pr\u00f3ximas a\u00e7\u00f5es\u201d, disse Priscila.<\/p>\n<p>Ao longo do ato ser\u00e1 distribu\u00eddo um panfleto cujo objetivo \u00e9 explicar a reforma da Previd\u00eancia. \u201cAssim, iremos informar aqueles que ainda n\u00e3o tem conhecimento da reforma e, quem sabe, fazer com que aqueles que j\u00e1 conhecem entrem na luta com a gente\u201d, finalizou.<\/p>\n","protected":false},"excerpt":{"rendered":"<p>Sindicatos e movimentos sociais que comp\u00f5em o F\u00f3rum Sindical e Popular est\u00e3o se mobilizando para realizar um ato contra a reforma da Previd\u00eancia, no dia 19 de fevereiro, data prevista para a primeira vota\u00e7\u00e3o da mat\u00e9ria na C\u00e2mara dos Deputados. \u201cO ato tem um \u00fanico objetivo que \u00e9 a quest\u00e3o da reforma da Previd\u00eancia, que [&hellip;]<\/p>\n","protected":false},"author":96,"featured_media":91017,"comment_status":"closed","ping_status":"closed","sticky":false,"template":"","format":"standard","meta":{"footnotes":""},"categories":[253],"tags":[],"class_list":["post-91018","post","type-post","status-publish","format-standard","has-post-thumbnail","hentry","category-cidade"],"_links":{"self":[{"href":"https:\/\/diarioregionaldigital.com.br\/index.php?rest_route=\/wp\/v2\/posts\/91018","targetHints":{"allow":["GET"]}}],"collection":[{"href":"https:\/\/diarioregionaldigital.com.br\/index.php?rest_route=\/wp\/v2\/posts"}],"about":[{"href":"https:\/\/diarioregionaldigital.com.br\/index.php?rest_route=\/wp\/v2\/types\/post"}],"author":[{"embeddable":true,"href":"https:\/\/diarioregionaldigital.com.br\/index.php?rest_route=\/wp\/v2\/users\/96"}],"replies":[{"embeddable":true,"href":"https:\/\/diarioregionaldigital.com.br\/index.php?rest_route=%2Fwp%2Fv2%2Fcomments&post=91018"}],"version-history":[{"count":0,"href":"https:\/\/diarioregionaldigital.com.br\/index.php?rest_route=\/wp\/v2\/posts\/91018\/revisions"}],"wp:featuredmedia":[{"embeddable":true,"href":"https:\/\/diarioregionaldigital.com.br\/index.php?rest_route=\/wp\/v2\/media\/91017"}],"wp:attachment":[{"href":"https:\/\/diarioregionaldigital.com.br\/index.php?rest_route=%2Fwp%2Fv2%2Fmedia&parent=91018"}],"wp:term":[{"taxonomy":"category","embeddable":true,"href":"https:\/\/diarioregionaldigital.com.br\/index.php?rest_route=%2Fwp%2Fv2%2Fcategories&post=91018"},{"taxonomy":"post_tag","embeddable":true,"href":"https:\/\/diarioregionaldigital.com.br\/index.php?rest_route=%2Fwp%2Fv2%2Ftags&post=91018"}],"curies":[{"name":"wp","href":"https:\/\/api.w.org\/{rel}","templated":true}]}}