{"id":91016,"date":"2018-02-01T20:33:49","date_gmt":"2018-02-01T22:33:49","guid":{"rendered":"http:\/\/diarioregionaljf.com.br\/2018\/02\/01\/confianca-de-micro-e-pequenos-empresarios-aumenta-em-janeiro\/"},"modified":"2018-02-01T20:33:49","modified_gmt":"2018-02-01T22:33:49","slug":"confianca-de-micro-e-pequenos-empresarios-aumenta-em-janeiro","status":"publish","type":"post","link":"https:\/\/diarioregionaldigital.com.br\/?p=91016","title":{"rendered":"Confian\u00e7a de micro e pequenos empres\u00e1rios aumenta em janeiro"},"content":{"rendered":"<p>O Indicador de Confian\u00e7a da Micro e Pequena Empresa (MPE) atingiu 54,6 pontos em janeiro, 6,8% acima dos 51,1 pontos registrados no \u00faltimo m\u00eas de dezembro. Essa \u00e9 a quarta vez seguida que o resultado ficou acima dos 50 pontos.<\/p>\n<p>Segundo a metodologia da pesquisa, divulgada nessa quinta-feira, 1\u00ba, pelo Servi\u00e7o de Prote\u00e7\u00e3o ao Cr\u00e9dito (SPC Brasil) e pela Confedera\u00e7\u00e3o Nacional de Dirigentes Lojistas (CNDL), o indicador varia de zero a 100, sendo que a pontua\u00e7\u00e3o acima de 50 reflete confian\u00e7a dos empres\u00e1rios e abaixo disso, desconfian\u00e7a com os neg\u00f3cios e com a economia.<\/p>\n<p>\u201cA recupera\u00e7\u00e3o econ\u00f4mica em curso contribui para a melhora do humor dos empres\u00e1rios. A percep\u00e7\u00e3o do cen\u00e1rio atual j\u00e1 \u00e9 bem melhor do que a observada no in\u00edcio de 2017. Se confirmadas \u00e0s expectativas ao longo de 2018, a confian\u00e7a poder\u00e1 consolidar-se acima do n\u00edvel neutro\u201d, disse o presidente do SPC Brasil, Roque Pellizzaro. De acordo com a pesquisa, 40% dos empres\u00e1rios disseram n\u00e3o saber o porqu\u00ea de seu otimismo, disseram apenas acreditar que coisas boas devem acontecer; 38% alegaram que j\u00e1 notam a melhora de alguns indicadores econ\u00f4micos e 16% justificaram a perspectiva positiva por causa do amplo mercado consumidor do pa\u00eds.<\/p>\n<p>Em sentido oposto, entre os pessimistas com a economia, a quest\u00e3o pol\u00edtica tem protagonismo, revelando que a incerteza nesse cen\u00e1rio afeta negativamente as perspectivas econ\u00f4micas de 69% dos entrevistados.<\/p>\n<hr \/>\n<p>&nbsp;Fonte: Ag\u00eancia Brasil<\/p>\n","protected":false},"excerpt":{"rendered":"<p>O Indicador de Confian\u00e7a da Micro e Pequena Empresa (MPE) atingiu 54,6 pontos em janeiro, 6,8% acima dos 51,1 pontos registrados no \u00faltimo m\u00eas de dezembro. Essa \u00e9 a quarta vez seguida que o resultado ficou acima dos 50 pontos. Segundo a metodologia da pesquisa, divulgada nessa quinta-feira, 1\u00ba, pelo Servi\u00e7o de Prote\u00e7\u00e3o ao Cr\u00e9dito [&hellip;]<\/p>\n","protected":false},"author":96,"featured_media":91015,"comment_status":"closed","ping_status":"closed","sticky":false,"template":"","format":"standard","meta":{"footnotes":""},"categories":[261],"tags":[],"class_list":["post-91016","post","type-post","status-publish","format-standard","has-post-thumbnail","hentry","category-economia"],"_links":{"self":[{"href":"https:\/\/diarioregionaldigital.com.br\/index.php?rest_route=\/wp\/v2\/posts\/91016","targetHints":{"allow":["GET"]}}],"collection":[{"href":"https:\/\/diarioregionaldigital.com.br\/index.php?rest_route=\/wp\/v2\/posts"}],"about":[{"href":"https:\/\/diarioregionaldigital.com.br\/index.php?rest_route=\/wp\/v2\/types\/post"}],"author":[{"embeddable":true,"href":"https:\/\/diarioregionaldigital.com.br\/index.php?rest_route=\/wp\/v2\/users\/96"}],"replies":[{"embeddable":true,"href":"https:\/\/diarioregionaldigital.com.br\/index.php?rest_route=%2Fwp%2Fv2%2Fcomments&post=91016"}],"version-history":[{"count":0,"href":"https:\/\/diarioregionaldigital.com.br\/index.php?rest_route=\/wp\/v2\/posts\/91016\/revisions"}],"wp:featuredmedia":[{"embeddable":true,"href":"https:\/\/diarioregionaldigital.com.br\/index.php?rest_route=\/wp\/v2\/media\/91015"}],"wp:attachment":[{"href":"https:\/\/diarioregionaldigital.com.br\/index.php?rest_route=%2Fwp%2Fv2%2Fmedia&parent=91016"}],"wp:term":[{"taxonomy":"category","embeddable":true,"href":"https:\/\/diarioregionaldigital.com.br\/index.php?rest_route=%2Fwp%2Fv2%2Fcategories&post=91016"},{"taxonomy":"post_tag","embeddable":true,"href":"https:\/\/diarioregionaldigital.com.br\/index.php?rest_route=%2Fwp%2Fv2%2Ftags&post=91016"}],"curies":[{"name":"wp","href":"https:\/\/api.w.org\/{rel}","templated":true}]}}