{"id":91014,"date":"2018-02-01T20:30:30","date_gmt":"2018-02-01T22:30:30","guid":{"rendered":"http:\/\/diarioregionaljf.com.br\/2018\/02\/01\/temer-afirma-que-pais-retomou-rumo-do-desenvolvimento-apos-acoes-de-seu-governo\/"},"modified":"2018-02-01T20:30:30","modified_gmt":"2018-02-01T22:30:30","slug":"temer-afirma-que-pais-retomou-rumo-do-desenvolvimento-apos-acoes-de-seu-governo","status":"publish","type":"post","link":"https:\/\/diarioregionaldigital.com.br\/?p=91014","title":{"rendered":"Temer afirma que pa\u00eds retomou rumo do desenvolvimento ap\u00f3s a\u00e7\u00f5es de seu governo"},"content":{"rendered":"<p>O presidente Michel Temer reafirmou que o Brasil retomou o rumo do desenvolvimento em seu governo, em um evento da Caixa Econ\u00f4mica Federal (Caixa), em Bras\u00edlia. Temer destacou o papel social do banco e voltou a defender as principais a\u00e7\u00f5es de seu governo, como a defini\u00e7\u00e3o de um teto para os gastos p\u00fablicos, a reforma do ensino m\u00e9dio e a retomada da abertura de vagas de trabalho.<\/p>\n<p>\u201cEste governo, de um ano e oito meses, fez o que o Brasil precisava e, nesse particular, a Caixa teve sempre um papel extraordin\u00e1rio.<\/p>\n<p>Todos sabem que a voca\u00e7\u00e3o da Caixa transcende e supera muito a de um banco comercial. Lembro da alegria quando liberamos o Fundo de Garantia [por Tempo de Servi\u00e7o], aqueles R$44 bilh\u00f5es que injetamos na economia brasileira\u201d, disse Temer. \u201cE agora ainda estamos lan\u00e7ando o pagamento das contas do PIS\/Pasep, que pode colocar R$1,6 bilh\u00e3o em circula\u00e7\u00e3o. Nesses casos todos, a Caixa foi fundamental para levar adiante opera\u00e7\u00f5es de enorme complexidade\u201d, completou o presidente.<\/p>\n<p>O presidente lembrou ainda da participa\u00e7\u00e3o do banco para a execu\u00e7\u00e3o do programa Minha Casa, Minha Vida, que deve contratar este ano cerca de 700 mil novas unidades, e em projetos de moderniza\u00e7\u00e3o da infraestrutura do pa\u00eds e de atra\u00e7\u00e3o de investimentos no \u00e2mbito do programa Agora, \u00e9 Avan\u00e7ar.<\/p>\n<p>O ministro da Fazenda, Henrique Meirelles, tamb\u00e9m exaltou a melhoria na governan\u00e7a e parceria do banco para consolidar a\u00e7\u00f5es pelo crescimento econ\u00f4mico do pa\u00eds. \u201cA Caixa trabalha na mesma dire\u00e7\u00e3o com que estamos trabalhando no pa\u00eds, com programas de ganho de efici\u00eancia, dimensionamento da rede, com automa\u00e7\u00e3o e melhoria nos processos\u201d, disse. \u201cA Caixa financia o consumo e o investimento, seja residencial, comercial, seja das empresas, e, portanto esta inserida dentro da economia diretamente\u201d.<\/p>\n<h4>Empr\u00e9stimos<\/h4>\n<p>O ministro disse que o Banco Central est\u00e1 avaliando se ser\u00e1 necess\u00e1rio e qual a correta aloca\u00e7\u00e3o de capital da Caixa para os empr\u00e9stimos da Caixa a estados e munic\u00edpios, suspensos pela institui\u00e7\u00e3o financeira. \u201cNa medida em que estamos falando dos empr\u00e9stimos com garantia do Tesouro Nacional, a\u00ed \u00e9 sem risco para a Caixa e aloca\u00e7\u00e3o zero de capital.<\/p>\n<p>Mas para os empr\u00e9stimos onde n\u00e3o h\u00e1 garantia do Tesouro Nacional, pode se discutir a quest\u00e3o em que esses estados t\u00eam fundos de participa\u00e7\u00e3o\u201d, disse.<\/p>\n<p>O ministro explicou que, qualquer banco que faz empr\u00e9stimos capta os recursos dos depositantes, mas tamb\u00e9m precisa ter capital pr\u00f3prio que possa cobrir eventuais n\u00e3o pagamentos e dificuldade de cr\u00e9ditos. \u201cMas \u00e9 importante dizer que o hist\u00f3rico de pagamentos de estados e munic\u00edpios para a Caixa \u00e9 bom, o n\u00edvel de perda \u00e9 m\u00ednimo.<\/p>\n<p>Portanto, isso \u00e9 fator da maior relev\u00e2ncia, que est\u00e1 sendo levado em conta\u201d, ressaltou.<\/p>\n<p>Segundo Meirelles, em uma semana, o Banco Central deve divulgar as normas t\u00e9cnicas precisas para que se possa retomar as opera\u00e7\u00f5es de empr\u00e9stimos da Caixa para estados e munic\u00edpios. No \u00faltimo dia 26, a Caixa anunciou a suspens\u00e3o tempor\u00e1ria da concess\u00e3o de cr\u00e9ditos destinados a entes p\u00fablicos da administra\u00e7\u00e3o direta, em raz\u00e3o da aprova\u00e7\u00e3o do novo plano de capital pelo Conselho de Administra\u00e7\u00e3o do banco.<\/p>\n<p>Permanecem inalterados os empr\u00e9stimos com garantias da Uni\u00e3o e para companhias de saneamento.<\/p>\n<hr \/>\n<p>&nbsp;Fonte: Ag\u00eancia Brasil<\/p>\n","protected":false},"excerpt":{"rendered":"<p>O presidente Michel Temer reafirmou que o Brasil retomou o rumo do desenvolvimento em seu governo, em um evento da Caixa Econ\u00f4mica Federal (Caixa), em Bras\u00edlia. Temer destacou o papel social do banco e voltou a defender as principais a\u00e7\u00f5es de seu governo, como a defini\u00e7\u00e3o de um teto para os gastos p\u00fablicos, a reforma [&hellip;]<\/p>\n","protected":false},"author":96,"featured_media":91013,"comment_status":"closed","ping_status":"closed","sticky":false,"template":"","format":"standard","meta":{"footnotes":""},"categories":[261],"tags":[],"class_list":["post-91014","post","type-post","status-publish","format-standard","has-post-thumbnail","hentry","category-economia"],"_links":{"self":[{"href":"https:\/\/diarioregionaldigital.com.br\/index.php?rest_route=\/wp\/v2\/posts\/91014","targetHints":{"allow":["GET"]}}],"collection":[{"href":"https:\/\/diarioregionaldigital.com.br\/index.php?rest_route=\/wp\/v2\/posts"}],"about":[{"href":"https:\/\/diarioregionaldigital.com.br\/index.php?rest_route=\/wp\/v2\/types\/post"}],"author":[{"embeddable":true,"href":"https:\/\/diarioregionaldigital.com.br\/index.php?rest_route=\/wp\/v2\/users\/96"}],"replies":[{"embeddable":true,"href":"https:\/\/diarioregionaldigital.com.br\/index.php?rest_route=%2Fwp%2Fv2%2Fcomments&post=91014"}],"version-history":[{"count":0,"href":"https:\/\/diarioregionaldigital.com.br\/index.php?rest_route=\/wp\/v2\/posts\/91014\/revisions"}],"wp:featuredmedia":[{"embeddable":true,"href":"https:\/\/diarioregionaldigital.com.br\/index.php?rest_route=\/wp\/v2\/media\/91013"}],"wp:attachment":[{"href":"https:\/\/diarioregionaldigital.com.br\/index.php?rest_route=%2Fwp%2Fv2%2Fmedia&parent=91014"}],"wp:term":[{"taxonomy":"category","embeddable":true,"href":"https:\/\/diarioregionaldigital.com.br\/index.php?rest_route=%2Fwp%2Fv2%2Fcategories&post=91014"},{"taxonomy":"post_tag","embeddable":true,"href":"https:\/\/diarioregionaldigital.com.br\/index.php?rest_route=%2Fwp%2Fv2%2Ftags&post=91014"}],"curies":[{"name":"wp","href":"https:\/\/api.w.org\/{rel}","templated":true}]}}