{"id":91012,"date":"2018-02-01T20:01:01","date_gmt":"2018-02-01T22:01:01","guid":{"rendered":"http:\/\/diarioregionaljf.com.br\/2018\/02\/01\/construtora-reno\/"},"modified":"2018-08-13T20:35:22","modified_gmt":"2018-08-13T23:35:22","slug":"construtora-reno","status":"publish","type":"post","link":"https:\/\/diarioregionaldigital.com.br\/?p=91012","title":{"rendered":"Construtora Reno"},"content":{"rendered":"<p class=\"h4\" style=\"text-align: center;\">REDU\u00c7\u00c3O DE CAPITAL SOCIAL<br \/>COSNTRUTORA RENO EIRELI EPP<br \/>CNPJ: 23.159.246\/0001-06 NIRE: 31600315091<\/p>\n<p style=\"text-align: center;\"><span class=\"h4\">JUIZ DE FORA, 26 DE JANEIRO DE 2018<\/span><br \/>EM 03\/01\/2018, NA CIDADE DE JUIZ DE FORA\/MG, A TOTALIDADE DA EMPRESA INDIVUAL DE RESPONSANBILIDADE LTDA (EIRELI) DA CONSTRUTORA RENO EIRELI EPP, COM SEDE EM JUIZ DE FORA\/MG \u00c0 R. SOPHIA RAPHAEL ZACARIAS, N\u00ba 75 APTO 101, B. PARQUE GUARANI, CEP: 36.047-280 DELIBERA: REDUZIR O CAPITAL SOCIAL, CONF. ART 1.084 \u00a71\u00ba E 1.152 CC, DE R$600.000,00 PARA R$200.000,00, REPRESENTANDO UMA REDU\u00c7\u00c3O DE R$400.000,00, TENDO EM VISTA O EXCESSO DE CAPITAL SOCIAL EM RELA\u00c7\u00c3O AO OBJETO DA EMPRESA. PARA OS EFEITOS DO \u00a71\u00ba DO ARTIGO 1.084 DA LEI 10.406\/02 O ARQUIVAMENTO DA ALTERA\u00c7\u00c3O CONTRATUAL RESULTANTE SE DAR\u00c1 O PRAZO DE 90 (NOVENTA) DIAS CONTADOS A PARTIR DA DATA DESTA PUBLICA\u00c7\u00c3O. O MONTANTE DA PRESENTE REDU\u00c7\u00c3O SER\u00c1 DEVOLVIDA A EMPRES\u00c1RIA ALINE FIALHO RUBIM NO PRAZO DE 20 (VINTE) MESES.<\/p>\n","protected":false},"excerpt":{"rendered":"<p>REDU\u00c7\u00c3O DE CAPITAL SOCIALCOSNTRUTORA RENO EIRELI EPPCNPJ: 23.159.246\/0001-06 NIRE: 31600315091 JUIZ DE FORA, 26 DE JANEIRO DE 2018EM 03\/01\/2018, NA CIDADE DE JUIZ DE FORA\/MG, A TOTALIDADE DA EMPRESA INDIVUAL DE RESPONSANBILIDADE LTDA (EIRELI) DA CONSTRUTORA RENO EIRELI EPP, COM SEDE EM JUIZ DE FORA\/MG \u00c0 R. SOPHIA RAPHAEL ZACARIAS, N\u00ba 75 APTO 101, B. [&hellip;]<\/p>\n","protected":false},"author":96,"featured_media":0,"comment_status":"closed","ping_status":"closed","sticky":false,"template":"","format":"standard","meta":{"footnotes":""},"categories":[307],"tags":[],"class_list":["post-91012","post","type-post","status-publish","format-standard","hentry","category-editais"],"_links":{"self":[{"href":"https:\/\/diarioregionaldigital.com.br\/index.php?rest_route=\/wp\/v2\/posts\/91012","targetHints":{"allow":["GET"]}}],"collection":[{"href":"https:\/\/diarioregionaldigital.com.br\/index.php?rest_route=\/wp\/v2\/posts"}],"about":[{"href":"https:\/\/diarioregionaldigital.com.br\/index.php?rest_route=\/wp\/v2\/types\/post"}],"author":[{"embeddable":true,"href":"https:\/\/diarioregionaldigital.com.br\/index.php?rest_route=\/wp\/v2\/users\/96"}],"replies":[{"embeddable":true,"href":"https:\/\/diarioregionaldigital.com.br\/index.php?rest_route=%2Fwp%2Fv2%2Fcomments&post=91012"}],"version-history":[{"count":0,"href":"https:\/\/diarioregionaldigital.com.br\/index.php?rest_route=\/wp\/v2\/posts\/91012\/revisions"}],"wp:attachment":[{"href":"https:\/\/diarioregionaldigital.com.br\/index.php?rest_route=%2Fwp%2Fv2%2Fmedia&parent=91012"}],"wp:term":[{"taxonomy":"category","embeddable":true,"href":"https:\/\/diarioregionaldigital.com.br\/index.php?rest_route=%2Fwp%2Fv2%2Fcategories&post=91012"},{"taxonomy":"post_tag","embeddable":true,"href":"https:\/\/diarioregionaldigital.com.br\/index.php?rest_route=%2Fwp%2Fv2%2Ftags&post=91012"}],"curies":[{"name":"wp","href":"https:\/\/api.w.org\/{rel}","templated":true}]}}