{"id":91010,"date":"2018-02-01T19:58:11","date_gmt":"2018-02-01T21:58:11","guid":{"rendered":"http:\/\/diarioregionaljf.com.br\/2018\/02\/01\/pirauba2-02-02-18\/"},"modified":"2018-08-13T20:35:22","modified_gmt":"2018-08-13T23:35:22","slug":"pirauba2-02-02-18","status":"publish","type":"post","link":"https:\/\/diarioregionaldigital.com.br\/?p=91010","title":{"rendered":"Pirauba2 02\/02\/18"},"content":{"rendered":"<p>PREFEITURA MUNICIPAL DE PIRA\u00daBA. Inexigibilidade n.\u00ba 002\/2018 \u2013 PRC n.\u00ba 013\/2018, RATIFICO, nos termos do artigo 25, inciso III, da Lei Federal n.\u00ba 8.666\/93 e suas altera\u00e7\u00f5es, o ato de Inexigibilidade de Licita\u00e7\u00e3o, destinado a contrata\u00e7\u00e3o da empresa RHUAN COELHO COND\u00c9 08131310655, CNPJ n.\u00ba 22.431.520\/0001-91, com sede na Vila Nossa Senhora Aparecida, n.\u00ba 03, Bairro Centro, Rio Pomba, Minas Gerais, para apresenta\u00e7\u00e3o de show art\u00edstico musical durante o evento de comemora\u00e7\u00e3o do Carnaval do CRAS \u2013 Centro de Refer\u00eancia e Assist\u00eancia Social do Munic\u00edpio de Pira\u00faba \u2013 MG, a referida apresenta\u00e7\u00e3o se dar\u00e1 no dia 08 de fevereiro de 2018, no valor total de R$ 7.500,00 ( sete mil e quinhentos reais). Pira\u00faba, MG, 1\u00ba de Fevereiro de 2018. Adriano Carvalhaes Gravina \u2013 Prefeito Municipal.<\/p>\n","protected":false},"excerpt":{"rendered":"<p>PREFEITURA MUNICIPAL DE PIRA\u00daBA. Inexigibilidade n.\u00ba 002\/2018 \u2013 PRC n.\u00ba 013\/2018, RATIFICO, nos termos do artigo 25, inciso III, da Lei Federal n.\u00ba 8.666\/93 e suas altera\u00e7\u00f5es, o ato de Inexigibilidade de Licita\u00e7\u00e3o, destinado a contrata\u00e7\u00e3o da empresa RHUAN COELHO COND\u00c9 08131310655, CNPJ n.\u00ba 22.431.520\/0001-91, com sede na Vila Nossa Senhora Aparecida, n.\u00ba 03, Bairro [&hellip;]<\/p>\n","protected":false},"author":96,"featured_media":0,"comment_status":"closed","ping_status":"closed","sticky":false,"template":"","format":"standard","meta":{"footnotes":""},"categories":[307],"tags":[],"class_list":["post-91010","post","type-post","status-publish","format-standard","hentry","category-editais"],"_links":{"self":[{"href":"https:\/\/diarioregionaldigital.com.br\/index.php?rest_route=\/wp\/v2\/posts\/91010","targetHints":{"allow":["GET"]}}],"collection":[{"href":"https:\/\/diarioregionaldigital.com.br\/index.php?rest_route=\/wp\/v2\/posts"}],"about":[{"href":"https:\/\/diarioregionaldigital.com.br\/index.php?rest_route=\/wp\/v2\/types\/post"}],"author":[{"embeddable":true,"href":"https:\/\/diarioregionaldigital.com.br\/index.php?rest_route=\/wp\/v2\/users\/96"}],"replies":[{"embeddable":true,"href":"https:\/\/diarioregionaldigital.com.br\/index.php?rest_route=%2Fwp%2Fv2%2Fcomments&post=91010"}],"version-history":[{"count":0,"href":"https:\/\/diarioregionaldigital.com.br\/index.php?rest_route=\/wp\/v2\/posts\/91010\/revisions"}],"wp:attachment":[{"href":"https:\/\/diarioregionaldigital.com.br\/index.php?rest_route=%2Fwp%2Fv2%2Fmedia&parent=91010"}],"wp:term":[{"taxonomy":"category","embeddable":true,"href":"https:\/\/diarioregionaldigital.com.br\/index.php?rest_route=%2Fwp%2Fv2%2Fcategories&post=91010"},{"taxonomy":"post_tag","embeddable":true,"href":"https:\/\/diarioregionaldigital.com.br\/index.php?rest_route=%2Fwp%2Fv2%2Ftags&post=91010"}],"curies":[{"name":"wp","href":"https:\/\/api.w.org\/{rel}","templated":true}]}}