{"id":91009,"date":"2018-02-01T19:57:14","date_gmt":"2018-02-01T21:57:14","guid":{"rendered":"http:\/\/diarioregionaljf.com.br\/2018\/02\/01\/pirauba1-02-02-18\/"},"modified":"2018-08-13T20:35:22","modified_gmt":"2018-08-13T23:35:22","slug":"pirauba1-02-02-18","status":"publish","type":"post","link":"https:\/\/diarioregionaldigital.com.br\/?p=91009","title":{"rendered":"Pirauba1 02\/02\/18"},"content":{"rendered":"<p>PREFEITURA MUNICIPAL DE PIRA\u00daBA. Inexigibilidade n.\u00ba 001\/2018 \u2013 PRC n.\u00ba 012\/2018, RATIFICO, nos termos do artigo 25, inciso III, da Lei Federal n.\u00ba 8.666\/93 e suas altera\u00e7\u00f5es, o ato de Inexigibilidade de Licita\u00e7\u00e3o, destinado a contrata\u00e7\u00e3o da empresa SIDNEY SEBASTI\u00c3O DE ABREU \u2013 ME, inscrita no CNPJ n.\u00ba 09.292.537\/0001-47, com sede \u00e0 rua Jaco Gomes Martins, n\u00ba 23 B, Centro, S\u00e3o Jo\u00e3o do Manhua\u00e7u &#8211; MG, para apresenta\u00e7\u00e3o das bandas Xaveco Baiano e SPAN nos dias 09, 10, 11, 12 e 13 de Fevereiro de 2018, durante as comemora\u00e7\u00f5es do carnaval de rua, no valor total de R$ 98.000,00 (noventa e oito mil reais). Pira\u00faba, MG, 1\u00ba de Fevereiro de 2018. Adriano Carvalhaes Gravina \u2013 Prefeito Municipal.<\/p>\n","protected":false},"excerpt":{"rendered":"<p>PREFEITURA MUNICIPAL DE PIRA\u00daBA. Inexigibilidade n.\u00ba 001\/2018 \u2013 PRC n.\u00ba 012\/2018, RATIFICO, nos termos do artigo 25, inciso III, da Lei Federal n.\u00ba 8.666\/93 e suas altera\u00e7\u00f5es, o ato de Inexigibilidade de Licita\u00e7\u00e3o, destinado a contrata\u00e7\u00e3o da empresa SIDNEY SEBASTI\u00c3O DE ABREU \u2013 ME, inscrita no CNPJ n.\u00ba 09.292.537\/0001-47, com sede \u00e0 rua Jaco Gomes [&hellip;]<\/p>\n","protected":false},"author":96,"featured_media":0,"comment_status":"closed","ping_status":"closed","sticky":false,"template":"","format":"standard","meta":{"footnotes":""},"categories":[307],"tags":[],"class_list":["post-91009","post","type-post","status-publish","format-standard","hentry","category-editais"],"_links":{"self":[{"href":"https:\/\/diarioregionaldigital.com.br\/index.php?rest_route=\/wp\/v2\/posts\/91009","targetHints":{"allow":["GET"]}}],"collection":[{"href":"https:\/\/diarioregionaldigital.com.br\/index.php?rest_route=\/wp\/v2\/posts"}],"about":[{"href":"https:\/\/diarioregionaldigital.com.br\/index.php?rest_route=\/wp\/v2\/types\/post"}],"author":[{"embeddable":true,"href":"https:\/\/diarioregionaldigital.com.br\/index.php?rest_route=\/wp\/v2\/users\/96"}],"replies":[{"embeddable":true,"href":"https:\/\/diarioregionaldigital.com.br\/index.php?rest_route=%2Fwp%2Fv2%2Fcomments&post=91009"}],"version-history":[{"count":0,"href":"https:\/\/diarioregionaldigital.com.br\/index.php?rest_route=\/wp\/v2\/posts\/91009\/revisions"}],"wp:attachment":[{"href":"https:\/\/diarioregionaldigital.com.br\/index.php?rest_route=%2Fwp%2Fv2%2Fmedia&parent=91009"}],"wp:term":[{"taxonomy":"category","embeddable":true,"href":"https:\/\/diarioregionaldigital.com.br\/index.php?rest_route=%2Fwp%2Fv2%2Fcategories&post=91009"},{"taxonomy":"post_tag","embeddable":true,"href":"https:\/\/diarioregionaldigital.com.br\/index.php?rest_route=%2Fwp%2Fv2%2Ftags&post=91009"}],"curies":[{"name":"wp","href":"https:\/\/api.w.org\/{rel}","templated":true}]}}