{"id":91007,"date":"2018-02-01T19:54:27","date_gmt":"2018-02-01T21:54:27","guid":{"rendered":"http:\/\/diarioregionaljf.com.br\/2018\/02\/01\/cartorio-cobucci-02-02-18\/"},"modified":"2018-08-13T20:35:23","modified_gmt":"2018-08-13T23:35:23","slug":"cartorio-cobucci-02-02-18","status":"publish","type":"post","link":"https:\/\/diarioregionaldigital.com.br\/?p=91007","title":{"rendered":"Cart\u00f3rio Cobucci 02\/02\/18"},"content":{"rendered":"<p>REP\u00daBLICA FEDERATIVA DO BRASIL ESTADO DE MINAS GERAIS<\/p>\n<p>REGISTRO CIVIL DAS PESSOAS NATURAIS, INTERDI\u00c7\u00d5ES E TUTELAS<br \/>1\u00ba SUBDISTRITO<\/p>\n<p>Oficial Titular: JOS\u00c9 THADEU MACHADO COBUCCI<\/p>\n<p>Av. Pres. Itamar Franco, 1.522 Centro<br \/>36016-320 &#8211; Juiz de Fora \u2013 MG<\/p>\n<p>Faz saber que pretendem casar-se:<\/p>\n<p>01 &#8211; CLAYTON JOS\u00c9 FERREIRA, maior, professor, resid\u00eancia Rua Doutor Jos\u00e9 Barbosa, 80\/401, S\u00e3o Mateus, Juiz de Fora-MG e HELENA AZEVEDO PAULO DE ALMEIDA, maior, professora, resid\u00eancia Rua Doutor Jos\u00e9 Barbosa, 80\/401, S\u00e3o Mateus, Juiz de Fora-MG<\/p>\n<p>02 &#8211; FERNANDO PINTO MONTEIRO DE BARROS, maior, empres\u00e1rio, resid\u00eancia Rua Carlos Monteiro, 50\/401, S\u00e3o Mateus, Juiz de Fora-MG e CRISLAINE DAVID DE PAULA, maior, vendedora, resid\u00eancia Rua Carlos Monteiro, 50\/401, S\u00e3o Mateus, Juiz de Fora-MG<\/p>\n<p>03 &#8211; TARCISIO ALMEIDA DE SOUZA, maior, vigilante, resid\u00eancia Rua Jos\u00e9 Rom\u00e3o Guedes, 43\/502, Granbery, Juiz de Fora-MG e DILLIANY CRISTINA VICENTE SILVA, maior, pedagoga, resid\u00eancia Rua Redentor, 117\/304, Paineiras, Juiz de Fora-MG<\/p>\n<p>04 &#8211; RANIERI DE OLIVEIRA LIMA, maior, militar, resid\u00eancia Rua Dr. Laureano, 181\/302 B, Alto dos Passos, Juiz de Fora-MG e JULIANA SOARES LEITE PRA\u00c7A, maior, militar, resid\u00eancia Rua Dr. Laureano, 181\/302 B, Alto dos Passos, Juiz de Fora-MG<\/p>\n<p>05 &#8211; GUILHERME DE ANDRADE BATISTA, maior, artista visual, resid\u00eancia Rua Jos\u00e9 Nunes Leal, 94\/401, Santa Luzia, Juiz de Fora-MG e ANNA CAROLINA DO NASCIMENTO BRAGA, designer de m\u00f3veis, resid\u00eancia Rua Jos\u00e9 Afonso Pinheiro, 30, Santa Luzia, Juiz de Fora-MG<\/p>\n<p>06 &#8211; FABR\u00cdCIO SOUZA DIAS, maior, arquiteto, resid\u00eancia Rua Santos Dumont, 730\/719, Granbery, Juiz de Fora-MG e CAMILA FURTADO DE SOUZA, maior, cirurgi\u00e3-dentista, resid\u00eancia Rua Santos Dumont, 730\/719, Granbery, Juiz de Fora-MG<\/p>\n<p>XC 07 &#8211; JEFFERSON ANTONIO MARQUES DIAS, maior, balconista, resid\u00eancia Rua Ors\u00edrio Cust\u00f3dio Filho, 165, Olavo Costa, Juiz de Fora-MG e NAT\u00c1LIA MARANGON ALVES DA CUNHA, maior, vendedora, resid\u00eancia Rua Ors\u00edrio Cust\u00f3dio Filho, 165, Olavo Costa, Juiz de Fora-MG<\/p>\n<p>08 &#8211; ROBERTO RODRIGUES DO CARMO, maior, administrador, resid\u00eancia Rua Dom Silv\u00e9rio, 486, casa 11, Alto dos Passos, Juiz de Fora-MG e J\u00c9SSICA GRAZIELE ZAQUINI, maior, fisioterapeuta, resid\u00eancia Rua Dom Silv\u00e9rio, 486, casa 11, Alto dos Passos, Juiz de Fora-MG<\/p>\n<p>09 &#8211; WALLACE SACRAMENTO CONCEI\u00c7\u00c3O, maior, engenheiro civil, resid\u00eancia Rua Jos\u00e9 Afonso Pinheiro, 51,, Santa Luzia, Juiz de Fora-MG e ANA PAULA ALVES SILVA, maior, biom\u00e9dica, resid\u00eancia Rua Jos\u00e9 Afonso Pinheiro, 51,, Santa Luzia, Juiz de Fora-MG<\/p>\n<p>10 &#8211; LUCIANO FERREIRA AMARANTE, maior, aut\u00f4nomo, resid\u00eancia Rua Ercy Furtado de Souza, 291\/03, Teixeiras, Juiz de Fora-MG e PATRICIA FERNANDES SIQUEIRA, maior, supervisora administrativa, resid\u00eancia Rua Ercy Furtado de Souza, 291\/03, Teixeiras, Juiz de Fora-MG<\/p>\n<p>11 &#8211; BRUNO MARTINS DE PAULA BENTO, maior, servente, resid\u00eancia Rua Margarida Maria Alves, 100,, Vale Verde, Juiz de Fora-MG e REGIANE TEIXEIRA RIBEIRO, maior, do lar, resid\u00eancia Rua Margarida Maria Alves, 100,, Vale Verde, Juiz de Fora-MG<\/p>\n<p>12 &#8211; DANIEL DE OLIVEIRA ROSSIGNOLI NOGUEIRA, maior, encarregado, resid\u00eancia Rua Joaquim Pinto Apolin\u00e1rio, 250, Ipiranga, Juiz de Fora-MG e FRANCIELLE HELENA DE SOUZA, maior, designer de modas, resid\u00eancia Avenida Oleg\u00e1rio Maciel, 1289\/301, Paineiras, Juiz de Fora-MG<\/p>\n<p>13 &#8211; FELIPE RANGEL TONASSI MARTINS, maior, educador f\u00edsico, resid\u00eancia Rua Sampaio, 330\/1909,, Granbery, Juiz de Fora-MG e RAFAELA DE OLIVEIRA SALGADO, maior, advogada, resid\u00eancia Rua Sampaio, 330\/1909,, Granbery, Juiz de Fora-MG<\/p>\n<p>Os contraentes apresentaram os documentos exigidos pelo art.1525 do C\u00f3digo Civil Brasileiro. Se algu\u00e9m souber de algum impedimento, que os impe\u00e7am de se casar, que o fa\u00e7a na forma da Lei.<\/p>\n<p>Juiz de Fora, 31\/01\/2018<\/p>\n<p>JOS\u00c9 THADEU MACHADO COBUCCI<br \/>Oficial do Registro Civil<br \/>Cartosoft &#8211; Automa\u00e7\u00e3o de Cart\u00f3rios do Registro Civil www.cartosoft.com.br<\/p>\n","protected":false},"excerpt":{"rendered":"<p>REP\u00daBLICA FEDERATIVA DO BRASIL ESTADO DE MINAS GERAIS REGISTRO CIVIL DAS PESSOAS NATURAIS, INTERDI\u00c7\u00d5ES E TUTELAS1\u00ba SUBDISTRITO Oficial Titular: JOS\u00c9 THADEU MACHADO COBUCCI Av. Pres. Itamar Franco, 1.522 Centro36016-320 &#8211; Juiz de Fora \u2013 MG Faz saber que pretendem casar-se: 01 &#8211; CLAYTON JOS\u00c9 FERREIRA, maior, professor, resid\u00eancia Rua Doutor Jos\u00e9 Barbosa, 80\/401, S\u00e3o Mateus, [&hellip;]<\/p>\n","protected":false},"author":96,"featured_media":0,"comment_status":"closed","ping_status":"closed","sticky":false,"template":"","format":"standard","meta":{"footnotes":""},"categories":[307],"tags":[],"class_list":["post-91007","post","type-post","status-publish","format-standard","hentry","category-editais"],"_links":{"self":[{"href":"https:\/\/diarioregionaldigital.com.br\/index.php?rest_route=\/wp\/v2\/posts\/91007","targetHints":{"allow":["GET"]}}],"collection":[{"href":"https:\/\/diarioregionaldigital.com.br\/index.php?rest_route=\/wp\/v2\/posts"}],"about":[{"href":"https:\/\/diarioregionaldigital.com.br\/index.php?rest_route=\/wp\/v2\/types\/post"}],"author":[{"embeddable":true,"href":"https:\/\/diarioregionaldigital.com.br\/index.php?rest_route=\/wp\/v2\/users\/96"}],"replies":[{"embeddable":true,"href":"https:\/\/diarioregionaldigital.com.br\/index.php?rest_route=%2Fwp%2Fv2%2Fcomments&post=91007"}],"version-history":[{"count":0,"href":"https:\/\/diarioregionaldigital.com.br\/index.php?rest_route=\/wp\/v2\/posts\/91007\/revisions"}],"wp:attachment":[{"href":"https:\/\/diarioregionaldigital.com.br\/index.php?rest_route=%2Fwp%2Fv2%2Fmedia&parent=91007"}],"wp:term":[{"taxonomy":"category","embeddable":true,"href":"https:\/\/diarioregionaldigital.com.br\/index.php?rest_route=%2Fwp%2Fv2%2Fcategories&post=91007"},{"taxonomy":"post_tag","embeddable":true,"href":"https:\/\/diarioregionaldigital.com.br\/index.php?rest_route=%2Fwp%2Fv2%2Ftags&post=91007"}],"curies":[{"name":"wp","href":"https:\/\/api.w.org\/{rel}","templated":true}]}}