{"id":91004,"date":"2018-02-01T19:52:22","date_gmt":"2018-02-01T21:52:22","guid":{"rendered":"http:\/\/diarioregionaljf.com.br\/2018\/02\/01\/olha-so-13\/"},"modified":"2018-02-01T19:52:22","modified_gmt":"2018-02-01T21:52:22","slug":"olha-so-13","status":"publish","type":"post","link":"https:\/\/diarioregionaldigital.com.br\/?p=91004","title":{"rendered":"Olha s\u00f3"},"content":{"rendered":"<p style=\"text-align: center;\"><span class=\"h4\">Dica<\/span><br \/>Nesta sexta-feira, 12, no N\u00facleo Travessia na Vila Olavo Costa, tem de 15h \u00e0s 17, Bailinho de Carnaval, com pintura de rostos e Oficina de Confec\u00e7\u00e3o de Fantasia com material recicl\u00e1vel.<\/p>\n<p style=\"text-align: center;\"><span class=\"h4\">No Interior<\/span><br \/>Com muita cu\u00edca, reco-reco e tamborim, o Bloco Sassaricando sai no s\u00e1bado, 03, em S\u00e3o Jo\u00e3o Nepomuceno. Puxando o trio el\u00e9trico, a diva Sandra Portella.<\/p>\n<p style=\"text-align: center;\"><span class=\"h4\">Beleza<\/span><br \/>Ser\u00e1 nesta sexta-feira, 02, no 2\u00ba piso do Mister Shopping, o concurso de Miss e Mister Juiz de Fora (Teen e adulto), com produ\u00e7\u00e3o de Thony Jefferson Martins, da Diamond Models.<\/p>\n<p style=\"text-align: center;\"><span class=\"h4\">Olha s\u00f3<\/span><br \/>A crise econ\u00f4mica que passa o pa\u00eds est\u00e1 deixando rastros impactantes. Criado em 2009, o Centro Mais Vida que faz parte do programa do SUS oferecendo atendimento integral ao idoso, est\u00e1 amea\u00e7ando paralisar atividades por falta de repasses. Atrasos de verbas estaduais somam quase R$ 5 milh\u00f5es e afetam atendimento de 600 idosos por m\u00eas em Juiz de Fora. Estamos de olho.<\/p>\n<p style=\"text-align: center;\"><span class=\"h4\">Pol\u00edtica<\/span><br \/>Ultrapassou R$ 300 bilh\u00f5es o volume de empr\u00e9stimos de estados e prefeituras com aval da Uni\u00e3o. Grande parte desse individamento vai lastrear o mostru\u00e1rio de obras e projetos que ser\u00e1 exibido na campanha eleitoral. O problema \u00e9 que essa d\u00edvida, garantida pelo Tesouro Nacional, j\u00e1 corresponde a 41% da receita corrente l\u00edquida dos estados e munic\u00edpios devedores. Por isso a Fazenda est\u00e1 estimulando o TCU a fazer uma devassa nessas d\u00edvidas. O trabalho come\u00e7ou em dezembro.<\/p>\n<p style=\"text-align: center;\"><span class=\"h4\">Dica Esperta<\/span><br \/>O Bloco Pagod\u00e3o dos Clubes sai dia 08 de fevereiro, descendo o Cal\u00e7ad\u00e3o da Halfeld at\u00e9 a Pra\u00e7a da Esta\u00e7\u00e3o. O samba \u00c9 Pagod\u00e3o, \u00c9 Valtencir, \u00c9 Carnaval, tem letra e m\u00fasica de Jos\u00e9 Am\u00e9rico Mancini e Edynel e tem como int\u00e9rprete Edimar Augusto. Homenageia Valtencir F\u00e1vero.<\/p>\n<p style=\"text-align: center;\"><span class=\"h4\">Recado<\/span><br \/>Namorada da cantora Ana Carolina, a atriz Let\u00edcia Lima linda e loura, tenta conciliar a agenda para acompanhar a cantora numa turn\u00ea pela Europa. O roteiro rom\u00e2ntico inclui Portugal e Espanha. Elas merecem.<\/p>\n<p style=\"text-align: center;\"><span class=\"h4\">Aten\u00e7\u00e3o Galera<\/span><br \/>At\u00e9 sexta (2), as UBS em Juiz de Fora, v\u00e3o funcionar das 8h \u00e0s 16h30, sem intervalo de almo\u00e7o para atender quem n\u00e3o se vacinou. Nas pr\u00f3prias unidades \u00e9 poss\u00edvel que idosos consultem orienta\u00e7\u00e3o m\u00e9dica para verificar a possibilidade de se vacinar. Quem tem contraindica\u00e7\u00f5es deve usar repelentes.<\/p>\n<p style=\"text-align: center;\"><img decoding=\"async\" class=\" size-full wp-image-90994\" src=\"http:\/\/diarioregionaljf.com.br\/wp-content\/uploads\/2018\/02\/diario-int-23749-1.jpg\" alt=\"fotoa.jpg\" width=\"680\" style=\"display: block; margin-left: auto; margin-right: auto;\" srcset=\"https:\/\/diarioregionaldigital.com.br\/wp-content\/uploads\/2018\/02\/diario-int-23749-1.jpg 680w, https:\/\/diarioregionaldigital.com.br\/wp-content\/uploads\/2018\/02\/diario-int-23749-1-300x199.jpg 300w, https:\/\/diarioregionaldigital.com.br\/wp-content\/uploads\/2018\/02\/diario-int-23749-1-360x238.jpg 360w\" sizes=\"(max-width: 680px) 100vw, 680px\" \/>O colunista do site Oclick Marc\u00edlio Gomes comemorando 15 anos de atividades sociais com Beth Urgal. Eduardo Gomes e Ivanir Ferreira<\/p>\n<p style=\"text-align: center;\"><img decoding=\"async\" class=\" size-full wp-image-90995\" src=\"http:\/\/diarioregionaljf.com.br\/wp-content\/uploads\/2018\/02\/diario-int-23749-2.jpg\" alt=\"fotoaa.jpg\" width=\"680\" style=\"display: block; margin-left: auto; margin-right: auto;\" srcset=\"https:\/\/diarioregionaldigital.com.br\/wp-content\/uploads\/2018\/02\/diario-int-23749-2.jpg 680w, https:\/\/diarioregionaldigital.com.br\/wp-content\/uploads\/2018\/02\/diario-int-23749-2-300x199.jpg 300w, https:\/\/diarioregionaldigital.com.br\/wp-content\/uploads\/2018\/02\/diario-int-23749-2-360x238.jpg 360w\" sizes=\"(max-width: 680px) 100vw, 680px\" \/>Valdir J\u00fanior, aniversariando, re\u00fane amigos e familiares para reuni\u00e3o hoje no Eldorado e posou com Isadora e Valquiria Almeida para esta coluna<\/p>\n<p style=\"text-align: center;\"><img decoding=\"async\" class=\" size-full wp-image-90996\" src=\"http:\/\/diarioregionaljf.com.br\/wp-content\/uploads\/2018\/02\/diario-int-23749-3.JPG\" alt=\"fotob.JPG\" width=\"680\" style=\"display: block; margin-left: auto; margin-right: auto;\" srcset=\"https:\/\/diarioregionaldigital.com.br\/wp-content\/uploads\/2018\/02\/diario-int-23749-3.JPG 680w, https:\/\/diarioregionaldigital.com.br\/wp-content\/uploads\/2018\/02\/diario-int-23749-3-300x199.jpg 300w, https:\/\/diarioregionaldigital.com.br\/wp-content\/uploads\/2018\/02\/diario-int-23749-3-360x238.jpg 360w\" sizes=\"(max-width: 680px) 100vw, 680px\" \/>No Espa\u00e7o Mascarenhas no Bloco do Neon, Jos\u00e9 Eduardo Modesto e Eveline Toledo<\/p>\n<p style=\"text-align: center;\"><img decoding=\"async\" class=\" size-full wp-image-90997\" src=\"http:\/\/diarioregionaljf.com.br\/wp-content\/uploads\/2018\/02\/diario-int-23749-4.jpg\" alt=\"fotobb.jpg\" width=\"680\" style=\"display: block; margin-left: auto; margin-right: auto;\" srcset=\"https:\/\/diarioregionaldigital.com.br\/wp-content\/uploads\/2018\/02\/diario-int-23749-4.jpg 680w, https:\/\/diarioregionaldigital.com.br\/wp-content\/uploads\/2018\/02\/diario-int-23749-4-300x199.jpg 300w, https:\/\/diarioregionaldigital.com.br\/wp-content\/uploads\/2018\/02\/diario-int-23749-4-360x238.jpg 360w\" sizes=\"(max-width: 680px) 100vw, 680px\" \/>Brilhando no seu St\u00fadio de beleza em Matias Barbosa, o Hair Stylist, Alexandre Henter<\/p>\n<p style=\"text-align: center;\"><img decoding=\"async\" class=\" size-full wp-image-90998\" src=\"http:\/\/diarioregionaljf.com.br\/wp-content\/uploads\/2018\/02\/diario-int-23749-5.jpg\" alt=\"fotoc.jpg\" width=\"680\" style=\"display: block; margin-left: auto; margin-right: auto;\" srcset=\"https:\/\/diarioregionaldigital.com.br\/wp-content\/uploads\/2018\/02\/diario-int-23749-5.jpg 680w, https:\/\/diarioregionaldigital.com.br\/wp-content\/uploads\/2018\/02\/diario-int-23749-5-300x199.jpg 300w, https:\/\/diarioregionaldigital.com.br\/wp-content\/uploads\/2018\/02\/diario-int-23749-5-360x238.jpg 360w\" sizes=\"(max-width: 680px) 100vw, 680px\" \/>No Pr\u00e9-carnaval do Concentra mas n\u00e3o sai&#8230; no Bar do L\u00e9o, Nelson Rezende Barros, Fabiano Garcia, Carlos Barbosa e Oswaldo Fernandes Filho<\/p>\n<p style=\"text-align: center;\"><img decoding=\"async\" class=\" size-full wp-image-90999\" src=\"http:\/\/diarioregionaljf.com.br\/wp-content\/uploads\/2018\/02\/diario-int-23749-6.jpg\" alt=\"fotocc.jpg\" width=\"680\" style=\"display: block; margin-left: auto; margin-right: auto;\" srcset=\"https:\/\/diarioregionaldigital.com.br\/wp-content\/uploads\/2018\/02\/diario-int-23749-6.jpg 680w, https:\/\/diarioregionaldigital.com.br\/wp-content\/uploads\/2018\/02\/diario-int-23749-6-300x199.jpg 300w, https:\/\/diarioregionaldigital.com.br\/wp-content\/uploads\/2018\/02\/diario-int-23749-6-360x238.jpg 360w\" sizes=\"(max-width: 680px) 100vw, 680px\" \/>No Mister Shopping na by Candy, Nayane Neto, Tony Jefferson Martins, Eduardo Gomes e Nayara Neto<\/p>\n<p style=\"text-align: center;\"><img decoding=\"async\" class=\" size-full wp-image-91000\" src=\"http:\/\/diarioregionaljf.com.br\/wp-content\/uploads\/2018\/02\/diario-int-23749-7.jpg\" alt=\"fotodd.jpg\" width=\"680\" style=\"display: block; margin-left: auto; margin-right: auto;\" srcset=\"https:\/\/diarioregionaldigital.com.br\/wp-content\/uploads\/2018\/02\/diario-int-23749-7.jpg 680w, https:\/\/diarioregionaldigital.com.br\/wp-content\/uploads\/2018\/02\/diario-int-23749-7-300x199.jpg 300w, https:\/\/diarioregionaldigital.com.br\/wp-content\/uploads\/2018\/02\/diario-int-23749-7-360x238.jpg 360w\" sizes=\"(max-width: 680px) 100vw, 680px\" \/>Aniversariando no s\u00e1bado, 3 de fevereiro, a bomb\u00e1stica locomotiva do society Ivete Gomes<\/p>\n<p style=\"text-align: center;\"><img decoding=\"async\" class=\" size-full wp-image-91001\" src=\"http:\/\/diarioregionaljf.com.br\/wp-content\/uploads\/2018\/02\/diario-int-23749-8.jpg\" alt=\"fotog.jpg\" width=\"680\" style=\"display: block; margin-left: auto; margin-right: auto;\" srcset=\"https:\/\/diarioregionaldigital.com.br\/wp-content\/uploads\/2018\/02\/diario-int-23749-8.jpg 680w, https:\/\/diarioregionaldigital.com.br\/wp-content\/uploads\/2018\/02\/diario-int-23749-8-300x199.jpg 300w, https:\/\/diarioregionaldigital.com.br\/wp-content\/uploads\/2018\/02\/diario-int-23749-8-360x238.jpg 360w\" sizes=\"(max-width: 680px) 100vw, 680px\" \/>Em cena social no Funny Fest, Mylena Oliveira, Petterson Marciano e Alo\u00edzio Machado<\/p>\n<p style=\"text-align: center;\"><img decoding=\"async\" class=\" size-full wp-image-91002\" src=\"http:\/\/diarioregionaljf.com.br\/wp-content\/uploads\/2018\/02\/diario-int-23749-9.jpg\" alt=\"fotoh.jpg\" width=\"680\" style=\"display: block; margin-left: auto; margin-right: auto;\" srcset=\"https:\/\/diarioregionaldigital.com.br\/wp-content\/uploads\/2018\/02\/diario-int-23749-9.jpg 680w, https:\/\/diarioregionaldigital.com.br\/wp-content\/uploads\/2018\/02\/diario-int-23749-9-300x199.jpg 300w, https:\/\/diarioregionaldigital.com.br\/wp-content\/uploads\/2018\/02\/diario-int-23749-9-360x238.jpg 360w\" sizes=\"(max-width: 680px) 100vw, 680px\" \/>O charme da fot\u00f3grafa Raquel Fernanda, em click para esta coluna<\/p>\n<p style=\"text-align: center;\"><img decoding=\"async\" class=\" size-full wp-image-91003\" src=\"http:\/\/diarioregionaljf.com.br\/wp-content\/uploads\/2018\/02\/diario-int-23749-10.jpg\" alt=\"fotoi.jpg\" width=\"680\" style=\"display: block; margin-left: auto; margin-right: auto;\" srcset=\"https:\/\/diarioregionaldigital.com.br\/wp-content\/uploads\/2018\/02\/diario-int-23749-10.jpg 680w, https:\/\/diarioregionaldigital.com.br\/wp-content\/uploads\/2018\/02\/diario-int-23749-10-300x246.jpg 300w, https:\/\/diarioregionaldigital.com.br\/wp-content\/uploads\/2018\/02\/diario-int-23749-10-220x180.jpg 220w, https:\/\/diarioregionaldigital.com.br\/wp-content\/uploads\/2018\/02\/diario-int-23749-10-360x295.jpg 360w\" sizes=\"(max-width: 680px) 100vw, 680px\" \/>Festejando o sucesso da Conservadora Memoriol, M\u00e1rcio Alves e Richel Cardoso<\/p>\n<p class=\"h4\" style=\"text-align: center;\">FOTOSS\u00cdNTESE<\/p>\n<p>O Bloco Eu e Voc\u00ea faz seu desfile no s\u00e1bado 3, as 18h no Vitorino Braga. O homenageado ser\u00e1 Regis da Vila.<\/p>\n<p>Relembrando o Arte Alerta de Juiz de Fora, no Dia 07 de abril, a turma carioca do Baluarte com Nequitz Miguel, estar\u00e1 na cidade no Espa\u00e7o Cultural Correios para evento \u201cPintar para Imortalizar\u201d agora em sua terceira edi\u00e7\u00e3o, tamb\u00e9m com o trabalho de Arte e Educa\u00e7\u00e3o.<\/p>\n<p>Vai bombar no s\u00e1bado, 3, no Terrazzo o grande pr\u00e9 carnavalesco do Come Quieto com a famosa bateria Milagrosa e os rostos mais bonitos, de Juiz de Fora.<\/p>\n<p>Fazendo sucesso os pentes para carnaval by Chapelaria Cris\u00e1lida Couture.<\/p>\n<p>Para sabad\u00e3o, 10 de fevereiro, \u00e0s 22 horas, na sede Social da ASE, entra em cena o Baile Azul e Branco. A Banda Omega dar\u00e1 o tom, e o grito de carnaval \u00e9 para maiores de 18 anos.<\/p>\n<p>O Bloco do Beco que tem como tema Dudu Maravilha sai no dia 09 de fevereiro (sexta-feira) e desce o Calcad\u00e3o da Halfeld e faz sua apoteose na Pra\u00e7a da Esta\u00e7\u00e3o.<\/p>\n<p>Procurando o mapa da mina, a maquiadora Fernanda Galolleti inaugura nova unidade de sua Maison de beleza no Shopping Jardim Norte.<\/p>\n<p>Jovens e antenados, o produtor Robson C\u00farcio e o universit\u00e1rio Rafael Koch Torres foram bebericar todas no Bar do Buneco, no Bonfim.<\/p>\n<p>O jovem Breno Verpel est\u00e1 de f\u00e9rias em Salvador e foi conferir o qu\u00ea que a baiana tem.<\/p>\n<p>O colunista virtual Marc\u00edlio Gomes est\u00e1 comemorando 15 anos de sucesso de sua coluna Society no site Oclick. A p\u00e1gina dele na internet bomba literalmente.<\/p>\n<p>Muitos rostos bonitos estar\u00e3o dan\u00e7ando no s\u00e1bado 3, no Victory Businees Hotel (terra\u00e7o) para a festa Infinity. Na caixa som de Alok e coordena\u00e7\u00e3o e produ\u00e7\u00e3o do bam-bam-ban, Igor Carvalhaes.<\/p>\n<p>Esperando ansiosa a chegada da cegonha para os pr\u00f3ximos dias a querida amiga e leitora desta coluna Regininha Ferreira.<\/p>\n<p>O fot\u00f3grafo Valdir J\u00fanior comemora seu anivers\u00e1rio nesta 6\u00aa feira, com o Boteco do Juninho em sua resid\u00eancia no Eldorado.<\/p>\n<p>Alerta: Procure desfrutar da chance de se aprofundar no que chama a sua aten\u00e7\u00e3o e transforme mentalidades ultrapassadas expandindo horizontes. Bom dia.<\/p>\n<p>&nbsp;<\/p>\n<p>&nbsp;<\/p>\n","protected":false},"excerpt":{"rendered":"<p>DicaNesta sexta-feira, 12, no N\u00facleo Travessia na Vila Olavo Costa, tem de 15h \u00e0s 17, Bailinho de Carnaval, com pintura de rostos e Oficina de Confec\u00e7\u00e3o de Fantasia com material recicl\u00e1vel. No InteriorCom muita cu\u00edca, reco-reco e tamborim, o Bloco Sassaricando sai no s\u00e1bado, 03, em S\u00e3o Jo\u00e3o Nepomuceno. Puxando o trio el\u00e9trico, a diva [&hellip;]<\/p>\n","protected":false},"author":96,"featured_media":90993,"comment_status":"closed","ping_status":"closed","sticky":false,"template":"","format":"standard","meta":{"footnotes":""},"categories":[264],"tags":[],"class_list":["post-91004","post","type-post","status-publish","format-standard","has-post-thumbnail","hentry","category-eduardo-gomes"],"_links":{"self":[{"href":"https:\/\/diarioregionaldigital.com.br\/index.php?rest_route=\/wp\/v2\/posts\/91004","targetHints":{"allow":["GET"]}}],"collection":[{"href":"https:\/\/diarioregionaldigital.com.br\/index.php?rest_route=\/wp\/v2\/posts"}],"about":[{"href":"https:\/\/diarioregionaldigital.com.br\/index.php?rest_route=\/wp\/v2\/types\/post"}],"author":[{"embeddable":true,"href":"https:\/\/diarioregionaldigital.com.br\/index.php?rest_route=\/wp\/v2\/users\/96"}],"replies":[{"embeddable":true,"href":"https:\/\/diarioregionaldigital.com.br\/index.php?rest_route=%2Fwp%2Fv2%2Fcomments&post=91004"}],"version-history":[{"count":0,"href":"https:\/\/diarioregionaldigital.com.br\/index.php?rest_route=\/wp\/v2\/posts\/91004\/revisions"}],"wp:featuredmedia":[{"embeddable":true,"href":"https:\/\/diarioregionaldigital.com.br\/index.php?rest_route=\/wp\/v2\/media\/90993"}],"wp:attachment":[{"href":"https:\/\/diarioregionaldigital.com.br\/index.php?rest_route=%2Fwp%2Fv2%2Fmedia&parent=91004"}],"wp:term":[{"taxonomy":"category","embeddable":true,"href":"https:\/\/diarioregionaldigital.com.br\/index.php?rest_route=%2Fwp%2Fv2%2Fcategories&post=91004"},{"taxonomy":"post_tag","embeddable":true,"href":"https:\/\/diarioregionaldigital.com.br\/index.php?rest_route=%2Fwp%2Fv2%2Ftags&post=91004"}],"curies":[{"name":"wp","href":"https:\/\/api.w.org\/{rel}","templated":true}]}}