{"id":90990,"date":"2018-02-01T19:24:35","date_gmt":"2018-02-01T21:24:35","guid":{"rendered":"http:\/\/diarioregionaljf.com.br\/2018\/02\/01\/pjf-divulga-nova-lista-para-contratacao-de-coordenadores-pedagogicos\/"},"modified":"2018-02-01T19:24:35","modified_gmt":"2018-02-01T21:24:35","slug":"pjf-divulga-nova-lista-para-contratacao-de-coordenadores-pedagogicos","status":"publish","type":"post","link":"https:\/\/diarioregionaldigital.com.br\/?p=90990","title":{"rendered":"PJF divulga nova lista para contrata\u00e7\u00e3o de coordenadores pedag\u00f3gicos"},"content":{"rendered":"<p>A Prefeitura de Juiz de Fora (PJF) divulgou, nesta quinta-feira, 1\u00b0, nova listagem de convoca\u00e7\u00e3o dos aprovados no processo seletivo para contrata\u00e7\u00e3o de coordenador pedag\u00f3gico, para atuar no ano letivo de 2018, na rede municipal de ensino (Edital n\u00ba 338). Os convocados dever\u00e3o comparecer ao Centro de Forma\u00e7\u00e3o do Professor (Avenida Get\u00falio Vargas, n\u00ba 200, Centro) nesta sexta-feira, 2, \u00e0s 8h30. A lista foi publicada no Di\u00e1rio Oficial Eletr\u00f4nico do Munic\u00edpio e pode ser conferida <a href=\"https:\/\/www.pjf.mg.gov.br\/e_atos\/e_atos_vis.php?id=58911\" target=\"_blank\" rel=\"noopener noreferrer\">aqui<\/a>.<\/p>\n<p>&nbsp;<\/p>\n<p>Fonte: Assessoria<\/p>\n","protected":false},"excerpt":{"rendered":"<p>A Prefeitura de Juiz de Fora (PJF) divulgou, nesta quinta-feira, 1\u00b0, nova listagem de convoca\u00e7\u00e3o dos aprovados no processo seletivo para contrata\u00e7\u00e3o de coordenador pedag\u00f3gico, para atuar no ano letivo de 2018, na rede municipal de ensino (Edital n\u00ba 338). Os convocados dever\u00e3o comparecer ao Centro de Forma\u00e7\u00e3o do Professor (Avenida Get\u00falio Vargas, n\u00ba 200, [&hellip;]<\/p>\n","protected":false},"author":96,"featured_media":90989,"comment_status":"closed","ping_status":"closed","sticky":false,"template":"","format":"standard","meta":{"footnotes":""},"categories":[280],"tags":[],"class_list":["post-90990","post","type-post","status-publish","format-standard","has-post-thumbnail","hentry","category-concurso"],"_links":{"self":[{"href":"https:\/\/diarioregionaldigital.com.br\/index.php?rest_route=\/wp\/v2\/posts\/90990","targetHints":{"allow":["GET"]}}],"collection":[{"href":"https:\/\/diarioregionaldigital.com.br\/index.php?rest_route=\/wp\/v2\/posts"}],"about":[{"href":"https:\/\/diarioregionaldigital.com.br\/index.php?rest_route=\/wp\/v2\/types\/post"}],"author":[{"embeddable":true,"href":"https:\/\/diarioregionaldigital.com.br\/index.php?rest_route=\/wp\/v2\/users\/96"}],"replies":[{"embeddable":true,"href":"https:\/\/diarioregionaldigital.com.br\/index.php?rest_route=%2Fwp%2Fv2%2Fcomments&post=90990"}],"version-history":[{"count":0,"href":"https:\/\/diarioregionaldigital.com.br\/index.php?rest_route=\/wp\/v2\/posts\/90990\/revisions"}],"wp:featuredmedia":[{"embeddable":true,"href":"https:\/\/diarioregionaldigital.com.br\/index.php?rest_route=\/wp\/v2\/media\/90989"}],"wp:attachment":[{"href":"https:\/\/diarioregionaldigital.com.br\/index.php?rest_route=%2Fwp%2Fv2%2Fmedia&parent=90990"}],"wp:term":[{"taxonomy":"category","embeddable":true,"href":"https:\/\/diarioregionaldigital.com.br\/index.php?rest_route=%2Fwp%2Fv2%2Fcategories&post=90990"},{"taxonomy":"post_tag","embeddable":true,"href":"https:\/\/diarioregionaldigital.com.br\/index.php?rest_route=%2Fwp%2Fv2%2Ftags&post=90990"}],"curies":[{"name":"wp","href":"https:\/\/api.w.org\/{rel}","templated":true}]}}