{"id":90988,"date":"2018-02-01T19:15:38","date_gmt":"2018-02-01T21:15:38","guid":{"rendered":"http:\/\/diarioregionaljf.com.br\/2018\/02\/01\/pm-apreende-drogas-e-armas-de-fogo-em-alem-paraiba\/"},"modified":"2018-02-01T19:15:38","modified_gmt":"2018-02-01T21:15:38","slug":"pm-apreende-drogas-e-armas-de-fogo-em-alem-paraiba","status":"publish","type":"post","link":"https:\/\/diarioregionaldigital.com.br\/?p=90988","title":{"rendered":"PM apreende drogas e armas de fogo em Al\u00e9m Para\u00edba"},"content":{"rendered":"<p>A Pol\u00edcia Militar apreendeu uma bucha de maconha e prendeu um suspeito, de 26 anos, na manh\u00e3 desta quinta-feira, 1\u00ba, em Al\u00e9m Para\u00edba ( a cerca de 127 Km de JF). Em outra ocorr\u00eancia registrada nessa quarta, 31, um jovem de 18 anos foi preso e duas armas de fogo foram apreendidas.<\/p>\n<p>De acordo com a Pol\u00edcia Militar, o rapaz foi preso na manh\u00e3 desta quinta ap\u00f3s uma abordagem realizada na Rua Monsenhor Raul de Faria Cunha, Bairro Goiabal. Ao perceber a presen\u00e7a da PM ele demonstrou nervosismo e passou a caminhar rapidamente. Ap\u00f3s ser revistado, uma bucha de maconha foi localizada e apreendida pelos policiais. O homem foi conduzido para a Delegacia de Pol\u00edcia Civil (PC) de Al\u00e9m Para\u00edba.<\/p>\n<p>&nbsp;<\/p>\n<p>ARMAS E MUNI\u00c7\u00d5ES<\/p>\n<p>Nessa quarta, 31, a PM realizou Batida Policial no Bairro Morro da Concei\u00e7\u00e3o ap\u00f3s den\u00fancia an\u00f4nima informar que um indiv\u00edduo estaria portando uma arma de fogo naquelas imedia\u00e7\u00f5es.<\/p>\n<p>Durante a a\u00e7\u00e3o dos policiais, um jovem de 18 anos foi abordado e com ele foram localizados R$597 em dinheiro. Ao ser questionado pela quantia encontrada, o indiv\u00edduo apresentou nervosismo e n\u00e3o informou o local onde reside e nem a proced\u00eancia do dinheiro. Durante a opera\u00e7\u00e3o, uma nova den\u00fancia an\u00f4nima foi repassada informando que ele havia escondido uma sacola atr\u00e1s de um lat\u00e3o de lixo. Os militares realizaram varredura naquela \u00e1rea e apreenderam duas armas de fogo que estavam dentro da sacola mencionada. Quatro muni\u00e7\u00f5es calibre 32 tamb\u00e9m foram apreendidas.<\/p>\n<p>O suspeito, ao ser encaminhado para a 52\u00aa Cia PM de Al\u00e9m Para\u00edba, agrediu um policial e fugiu no momento em que desembarcava da viatura. Ele invadiu uma resid\u00eancia localizada na Ilha do Lazareto e foi capturado pelos militares. Ningu\u00e9m se feriu. O jovem foi encaminhado para a Delegacia Regional de Pol\u00edcia Civil (PC) em Leopoldina.<\/p>\n<p>&nbsp;<\/p>\n<p>Fonte: O Vigilante Online<\/p>\n","protected":false},"excerpt":{"rendered":"<p>A Pol\u00edcia Militar apreendeu uma bucha de maconha e prendeu um suspeito, de 26 anos, na manh\u00e3 desta quinta-feira, 1\u00ba, em Al\u00e9m Para\u00edba ( a cerca de 127 Km de JF). Em outra ocorr\u00eancia registrada nessa quarta, 31, um jovem de 18 anos foi preso e duas armas de fogo foram apreendidas. De acordo com [&hellip;]<\/p>\n","protected":false},"author":96,"featured_media":90987,"comment_status":"closed","ping_status":"closed","sticky":false,"template":"","format":"standard","meta":{"footnotes":""},"categories":[252],"tags":[],"class_list":["post-90988","post","type-post","status-publish","format-standard","has-post-thumbnail","hentry","category-regiao"],"_links":{"self":[{"href":"https:\/\/diarioregionaldigital.com.br\/index.php?rest_route=\/wp\/v2\/posts\/90988","targetHints":{"allow":["GET"]}}],"collection":[{"href":"https:\/\/diarioregionaldigital.com.br\/index.php?rest_route=\/wp\/v2\/posts"}],"about":[{"href":"https:\/\/diarioregionaldigital.com.br\/index.php?rest_route=\/wp\/v2\/types\/post"}],"author":[{"embeddable":true,"href":"https:\/\/diarioregionaldigital.com.br\/index.php?rest_route=\/wp\/v2\/users\/96"}],"replies":[{"embeddable":true,"href":"https:\/\/diarioregionaldigital.com.br\/index.php?rest_route=%2Fwp%2Fv2%2Fcomments&post=90988"}],"version-history":[{"count":0,"href":"https:\/\/diarioregionaldigital.com.br\/index.php?rest_route=\/wp\/v2\/posts\/90988\/revisions"}],"wp:featuredmedia":[{"embeddable":true,"href":"https:\/\/diarioregionaldigital.com.br\/index.php?rest_route=\/wp\/v2\/media\/90987"}],"wp:attachment":[{"href":"https:\/\/diarioregionaldigital.com.br\/index.php?rest_route=%2Fwp%2Fv2%2Fmedia&parent=90988"}],"wp:term":[{"taxonomy":"category","embeddable":true,"href":"https:\/\/diarioregionaldigital.com.br\/index.php?rest_route=%2Fwp%2Fv2%2Fcategories&post=90988"},{"taxonomy":"post_tag","embeddable":true,"href":"https:\/\/diarioregionaldigital.com.br\/index.php?rest_route=%2Fwp%2Fv2%2Ftags&post=90988"}],"curies":[{"name":"wp","href":"https:\/\/api.w.org\/{rel}","templated":true}]}}