{"id":90986,"date":"2018-02-01T18:58:07","date_gmt":"2018-02-01T20:58:07","guid":{"rendered":"http:\/\/diarioregionaljf.com.br\/2018\/02\/01\/batida-entre-carro-e-caminhao-deixa-um-morto-na-br-116\/"},"modified":"2018-02-01T18:58:07","modified_gmt":"2018-02-01T20:58:07","slug":"batida-entre-carro-e-caminhao-deixa-um-morto-na-br-116","status":"publish","type":"post","link":"https:\/\/diarioregionaldigital.com.br\/?p=90986","title":{"rendered":"Batida entre carro e caminh\u00e3o deixa um morto na BR-116"},"content":{"rendered":"<p>O condutor de um autom\u00f3vel de passeio morreu ap\u00f3s o carro se chocar com um caminh\u00e3o na manh\u00e3 desta quinta-feira, 1\u00ba, na BR-116, pr\u00f3ximo a entrada de acesso \u00e0 comunidade da Capetinga, em Muria\u00e9 (a aproximadamente 158 Km de JF). O filho da v\u00edtima, que tamb\u00e9m estava no ve\u00edculo, escapou praticamente ileso.<\/p>\n<p>Pai e filho seguiam pela rodovia em dire\u00e7\u00e3o a Muria\u00e9. A carreta estava na pista contr\u00e1ria e dire\u00e7\u00e3o oposta a do autom\u00f3vel.<\/p>\n<p>O ve\u00edculo bateu na frente do caminh\u00e3o, do lado esquerdo, e ficou com a lateral toda amassada. Ap\u00f3s o impacto, o carro parou fora da rodovia, na entrada de uma estrada de terra que d\u00e1 acesso a comunidade da Capetinga.<\/p>\n<p>Os bombeiros e o SAMU foram acionados e, ao chegarem no local, encontraram o motorista do autom\u00f3vel j\u00e1 sem vida. O filho da v\u00edtima, que estava no banco do carona, sofreu pequenas escoria\u00e7\u00f5es e dispensou atendimento m\u00e9dico.<\/p>\n<p>O caminhoneiro, que estava sozinho, n\u00e3o se feriu.<\/p>\n<p>A Pol\u00edcia Rodovi\u00e1ria Federal (PRF) esteve no local e ficou respons\u00e1vel pelo registro da ocorr\u00eancia.<\/p>\n<p>A per\u00edcia da Pol\u00edcia Civil (PC) de Muria\u00e9 tamb\u00e9m foi acionada. As causas do acidente ainda ser\u00e3o apuradas.<\/p>\n<p>&nbsp;<\/p>\n<p>Da reda\u00e7\u00e3o\/ R\u00e1dio Muria\u00e9<\/p>\n","protected":false},"excerpt":{"rendered":"<p>O condutor de um autom\u00f3vel de passeio morreu ap\u00f3s o carro se chocar com um caminh\u00e3o na manh\u00e3 desta quinta-feira, 1\u00ba, na BR-116, pr\u00f3ximo a entrada de acesso \u00e0 comunidade da Capetinga, em Muria\u00e9 (a aproximadamente 158 Km de JF). O filho da v\u00edtima, que tamb\u00e9m estava no ve\u00edculo, escapou praticamente ileso. Pai e filho [&hellip;]<\/p>\n","protected":false},"author":96,"featured_media":90985,"comment_status":"closed","ping_status":"closed","sticky":false,"template":"","format":"standard","meta":{"footnotes":""},"categories":[252],"tags":[],"class_list":["post-90986","post","type-post","status-publish","format-standard","has-post-thumbnail","hentry","category-regiao"],"_links":{"self":[{"href":"https:\/\/diarioregionaldigital.com.br\/index.php?rest_route=\/wp\/v2\/posts\/90986","targetHints":{"allow":["GET"]}}],"collection":[{"href":"https:\/\/diarioregionaldigital.com.br\/index.php?rest_route=\/wp\/v2\/posts"}],"about":[{"href":"https:\/\/diarioregionaldigital.com.br\/index.php?rest_route=\/wp\/v2\/types\/post"}],"author":[{"embeddable":true,"href":"https:\/\/diarioregionaldigital.com.br\/index.php?rest_route=\/wp\/v2\/users\/96"}],"replies":[{"embeddable":true,"href":"https:\/\/diarioregionaldigital.com.br\/index.php?rest_route=%2Fwp%2Fv2%2Fcomments&post=90986"}],"version-history":[{"count":0,"href":"https:\/\/diarioregionaldigital.com.br\/index.php?rest_route=\/wp\/v2\/posts\/90986\/revisions"}],"wp:featuredmedia":[{"embeddable":true,"href":"https:\/\/diarioregionaldigital.com.br\/index.php?rest_route=\/wp\/v2\/media\/90985"}],"wp:attachment":[{"href":"https:\/\/diarioregionaldigital.com.br\/index.php?rest_route=%2Fwp%2Fv2%2Fmedia&parent=90986"}],"wp:term":[{"taxonomy":"category","embeddable":true,"href":"https:\/\/diarioregionaldigital.com.br\/index.php?rest_route=%2Fwp%2Fv2%2Fcategories&post=90986"},{"taxonomy":"post_tag","embeddable":true,"href":"https:\/\/diarioregionaldigital.com.br\/index.php?rest_route=%2Fwp%2Fv2%2Ftags&post=90986"}],"curies":[{"name":"wp","href":"https:\/\/api.w.org\/{rel}","templated":true}]}}