{"id":90984,"date":"2018-02-01T18:38:07","date_gmt":"2018-02-01T20:38:07","guid":{"rendered":"http:\/\/diarioregionaljf.com.br\/2018\/02\/01\/jovem-e-presa-ao-tentar-entrar-com-drogas-em-penitenciaria-de-muriae\/"},"modified":"2018-02-01T18:38:07","modified_gmt":"2018-02-01T20:38:07","slug":"jovem-e-presa-ao-tentar-entrar-com-drogas-em-penitenciaria-de-muriae","status":"publish","type":"post","link":"https:\/\/diarioregionaldigital.com.br\/?p=90984","title":{"rendered":"Jovem \u00e9 presa ao tentar entrar com drogas em penitenci\u00e1ria de Muria\u00e9"},"content":{"rendered":"<p>Uma mulher de 26 anos foi presa, nessa quarta-feira, 31, ao tentar entrar na Penitenci\u00e1ria Regional de Muria\u00e9 (a cerca de 158 Km de JF) com 25 buchas de maconha escondidas dentro do \u00f3rg\u00e3o genital. Ela foi flagrada por agentes penitenci\u00e1rios.<\/p>\n<p>O servi\u00e7o de Intelig\u00eancia da Penitenci\u00e1ria j\u00e1 tinha informa\u00e7\u00f5es de que a visitante colaborava para o tr\u00e1fico de drogas no interior da Unidade Prisional levando entorpecentes para seu companheiro, que est\u00e1 cumprindo pena no estabelecimento.<\/p>\n<p>Durante o procedimento de revista, a visitante passou pelo aparelho de scanner corporal e foi identificado a exist\u00eancia de um corpo estranho na regi\u00e3o p\u00e9lvica. Diante da suspeita, ela foi conduzida ao hospital, onde foi submetida a exames m\u00e9dicos e apreendidas as 25 buchas em sua posse.<\/p>\n<p>A jovem foi presa em flagrante e conduzida a Delegacia de Plant\u00e3o da Pol\u00edcia Civil (PC).<\/p>\n<p>&nbsp;<\/p>\n<p>Fonte: R\u00e1dio Muria\u00e9<\/p>\n","protected":false},"excerpt":{"rendered":"<p>Uma mulher de 26 anos foi presa, nessa quarta-feira, 31, ao tentar entrar na Penitenci\u00e1ria Regional de Muria\u00e9 (a cerca de 158 Km de JF) com 25 buchas de maconha escondidas dentro do \u00f3rg\u00e3o genital. Ela foi flagrada por agentes penitenci\u00e1rios. O servi\u00e7o de Intelig\u00eancia da Penitenci\u00e1ria j\u00e1 tinha informa\u00e7\u00f5es de que a visitante colaborava [&hellip;]<\/p>\n","protected":false},"author":96,"featured_media":90983,"comment_status":"closed","ping_status":"closed","sticky":false,"template":"","format":"standard","meta":{"footnotes":""},"categories":[252],"tags":[],"class_list":["post-90984","post","type-post","status-publish","format-standard","has-post-thumbnail","hentry","category-regiao"],"_links":{"self":[{"href":"https:\/\/diarioregionaldigital.com.br\/index.php?rest_route=\/wp\/v2\/posts\/90984","targetHints":{"allow":["GET"]}}],"collection":[{"href":"https:\/\/diarioregionaldigital.com.br\/index.php?rest_route=\/wp\/v2\/posts"}],"about":[{"href":"https:\/\/diarioregionaldigital.com.br\/index.php?rest_route=\/wp\/v2\/types\/post"}],"author":[{"embeddable":true,"href":"https:\/\/diarioregionaldigital.com.br\/index.php?rest_route=\/wp\/v2\/users\/96"}],"replies":[{"embeddable":true,"href":"https:\/\/diarioregionaldigital.com.br\/index.php?rest_route=%2Fwp%2Fv2%2Fcomments&post=90984"}],"version-history":[{"count":0,"href":"https:\/\/diarioregionaldigital.com.br\/index.php?rest_route=\/wp\/v2\/posts\/90984\/revisions"}],"wp:featuredmedia":[{"embeddable":true,"href":"https:\/\/diarioregionaldigital.com.br\/index.php?rest_route=\/wp\/v2\/media\/90983"}],"wp:attachment":[{"href":"https:\/\/diarioregionaldigital.com.br\/index.php?rest_route=%2Fwp%2Fv2%2Fmedia&parent=90984"}],"wp:term":[{"taxonomy":"category","embeddable":true,"href":"https:\/\/diarioregionaldigital.com.br\/index.php?rest_route=%2Fwp%2Fv2%2Fcategories&post=90984"},{"taxonomy":"post_tag","embeddable":true,"href":"https:\/\/diarioregionaldigital.com.br\/index.php?rest_route=%2Fwp%2Fv2%2Ftags&post=90984"}],"curies":[{"name":"wp","href":"https:\/\/api.w.org\/{rel}","templated":true}]}}