{"id":90982,"date":"2018-02-01T18:37:11","date_gmt":"2018-02-01T20:37:11","guid":{"rendered":"http:\/\/diarioregionaljf.com.br\/2018\/02\/01\/texto-da-reforma-da-previdencia-sera-apresentado-por-relator-no-dia-6-diz-marun\/"},"modified":"2018-02-01T18:37:11","modified_gmt":"2018-02-01T20:37:11","slug":"texto-da-reforma-da-previdencia-sera-apresentado-por-relator-no-dia-6-diz-marun","status":"publish","type":"post","link":"https:\/\/diarioregionaldigital.com.br\/?p=90982","title":{"rendered":"Texto da reforma da Previd\u00eancia ser\u00e1 apresentado por relator no dia 6, diz Marun"},"content":{"rendered":"<p>O ministro da Secretaria de Governo da Presid\u00eancia da Rep\u00fablica, Carlos Marun, disse nessa quinta-feira, 1\u00ba de fevereiro, que o texto final do projeto da reforma da Previd\u00eancia ser\u00e1 apresentado na pr\u00f3xima ter\u00e7a-feira, 6, pelo relator, deputado Arthur Maia (PPS-BA). Segundo Marun, est\u00e1 sendo preparada uma emenda aglutinativa para reunir todas as contribui\u00e7\u00f5es apresentadas ao texto original no decorrer do processo legislativo.<\/p>\n<p>\u201cVai ser apresentada uma emenda aglutinativa pelo relator, Arthur Maia. Em cima de todas as emendas que foram apresentadas e do relat\u00f3rio da comiss\u00e3o, ele, atendendo sugest\u00f5es, apresenta um texto final para vota\u00e7\u00e3o\u201d.<\/p>\n<p>O ministro participou de um encontro com empres\u00e1rios na Associa\u00e7\u00e3o Comercial do Rio de Janeiro (ACRJ) no fim da manh\u00e3, no centro do Rio, ap\u00f3s um caf\u00e9 da manh\u00e3 com empres\u00e1rios na sede da Federa\u00e7\u00e3o das Ind\u00fastrias do Estado do Rio de Janeiro (Firjan), onde afirmou que ainda h\u00e1 espa\u00e7o para mudan\u00e7as na reforma.<\/p>\n<p>De acordo com Marun, apesar de o governo estar aberto a novas propostas, \u201cningu\u00e9m apresentou nada\u201d em troca de \u201cse comprometer com votos pela aprova\u00e7\u00e3o da reforma\u201d. O ministro tamb\u00e9m disse que os militares, que a princ\u00edpio est\u00e3o fora da reforma, tamb\u00e9m t\u00eam se mostrado dispostos a aderir a mudan\u00e7as na aposentadoria.<\/p>\n<p>\u201cExistem conversas avan\u00e7adas no sentido de um reconhecimento dos militares, que s\u00e3o patriotas, pela necessidade, porque eles tamb\u00e9m v\u00e3o viver mais. Ent\u00e3o, todos aqueles que v\u00e3o viver mais, est\u00e3o vivendo mais, reconhecem que \u00e9 poss\u00edvel trabalhar um pouco mais. Assim que cessarmos essa parte, digamos, dos civis, se trabalhar\u00e1 os militares e certamente haver\u00e1 um acr\u00e9scimo no tempo de trabalho antes da passagem pra reserva, com estabelecimento de idade m\u00ednima tamb\u00e9m\u201d.<\/p>\n<p>O ministro disse que o governo n\u00e3o trabalha com a possibilidade de n\u00e3o se votar a reforma da Previd\u00eancia em fevereiro. Segundo ele, pesquisas internas feitas pelo Ibope a pedido do governo, mostram que 46% da popula\u00e7\u00e3o \u00e9 contr\u00e1ria \u00e0 reforma e que \u201cj\u00e1 passa de 30%\u201d os que aprovam a reforma. \u201c\u00c9 isso que n\u00f3s sentimos: voc\u00ea n\u00e3o sente mais aquela rejei\u00e7\u00e3o e voc\u00ea sente muita gente se posicionando favoravelmente \u00e0 reforma\u201d.<\/p>\n<p>Fonte: Ag\u00eancia Brasil<\/p>\n","protected":false},"excerpt":{"rendered":"<p>O ministro da Secretaria de Governo da Presid\u00eancia da Rep\u00fablica, Carlos Marun, disse nessa quinta-feira, 1\u00ba de fevereiro, que o texto final do projeto da reforma da Previd\u00eancia ser\u00e1 apresentado na pr\u00f3xima ter\u00e7a-feira, 6, pelo relator, deputado Arthur Maia (PPS-BA). Segundo Marun, est\u00e1 sendo preparada uma emenda aglutinativa para reunir todas as contribui\u00e7\u00f5es apresentadas ao [&hellip;]<\/p>\n","protected":false},"author":96,"featured_media":90981,"comment_status":"closed","ping_status":"closed","sticky":false,"template":"","format":"standard","meta":{"footnotes":""},"categories":[254],"tags":[],"class_list":["post-90982","post","type-post","status-publish","format-standard","has-post-thumbnail","hentry","category-politica"],"_links":{"self":[{"href":"https:\/\/diarioregionaldigital.com.br\/index.php?rest_route=\/wp\/v2\/posts\/90982","targetHints":{"allow":["GET"]}}],"collection":[{"href":"https:\/\/diarioregionaldigital.com.br\/index.php?rest_route=\/wp\/v2\/posts"}],"about":[{"href":"https:\/\/diarioregionaldigital.com.br\/index.php?rest_route=\/wp\/v2\/types\/post"}],"author":[{"embeddable":true,"href":"https:\/\/diarioregionaldigital.com.br\/index.php?rest_route=\/wp\/v2\/users\/96"}],"replies":[{"embeddable":true,"href":"https:\/\/diarioregionaldigital.com.br\/index.php?rest_route=%2Fwp%2Fv2%2Fcomments&post=90982"}],"version-history":[{"count":0,"href":"https:\/\/diarioregionaldigital.com.br\/index.php?rest_route=\/wp\/v2\/posts\/90982\/revisions"}],"wp:featuredmedia":[{"embeddable":true,"href":"https:\/\/diarioregionaldigital.com.br\/index.php?rest_route=\/wp\/v2\/media\/90981"}],"wp:attachment":[{"href":"https:\/\/diarioregionaldigital.com.br\/index.php?rest_route=%2Fwp%2Fv2%2Fmedia&parent=90982"}],"wp:term":[{"taxonomy":"category","embeddable":true,"href":"https:\/\/diarioregionaldigital.com.br\/index.php?rest_route=%2Fwp%2Fv2%2Fcategories&post=90982"},{"taxonomy":"post_tag","embeddable":true,"href":"https:\/\/diarioregionaldigital.com.br\/index.php?rest_route=%2Fwp%2Fv2%2Ftags&post=90982"}],"curies":[{"name":"wp","href":"https:\/\/api.w.org\/{rel}","templated":true}]}}