{"id":90980,"date":"2018-02-01T18:31:37","date_gmt":"2018-02-01T20:31:37","guid":{"rendered":"http:\/\/diarioregionaljf.com.br\/2018\/02\/01\/desempregados-poderao-deixar-de-pagar-prestacao-de-imovel-por-ate-oito-meses\/"},"modified":"2018-02-01T18:31:37","modified_gmt":"2018-02-01T20:31:37","slug":"desempregados-poderao-deixar-de-pagar-prestacao-de-imovel-por-ate-oito-meses","status":"publish","type":"post","link":"https:\/\/diarioregionaldigital.com.br\/?p=90980","title":{"rendered":"Desempregados poder\u00e3o deixar de pagar presta\u00e7\u00e3o de im\u00f3vel por at\u00e9 oito meses"},"content":{"rendered":"<p>Proposta do senador Ronaldo Caiado (DEM-GO), em an\u00e1lise da Comiss\u00e3o de Assuntos Econ\u00f4micos (CAE), prev\u00ea que o desempregado que estiver recebendo seguro-desemprego poder\u00e1 postergar o pagamento das presta\u00e7\u00f5es do financiamento habitacional junto \u00e0 Caixa Econ\u00f4mica Federal pelo tempo em que for pago o benef\u00edcio (quatro ou cinco meses, dependendo do caso) e pelos tr\u00eas meses seguintes. Pelo PLS 262\/2015, as presta\u00e7\u00f5es n\u00e3o pagas ser\u00e3o incorporadas ao saldo devedor do im\u00f3vel.<\/p>\n<p>Para Caiado, \u201cn\u00e3o tem sentido submeter fam\u00edlias que passam por dificuldades financeiras, decorrentes de uma situa\u00e7\u00e3o conjuntural, ao \u00f4nus de ter que pagar pela sua moradia quando necessidades mais prementes tornam-se priorit\u00e1rias\u201d. Ele acrescenta que \u00e9 incoerente que o mesmo governo que concede o seguro-desemprego cobre a presta\u00e7\u00e3o da casa pr\u00f3pria nesse momento.<\/p>\n<p>Em 2015 o projeto chegou a ser relatado pelo senador Acir Gurgacz (PDT-RO), que foi favor\u00e1vel \u00e0 proposta, mas ponderou que seria mais adequado prever o tratamento para todos os mutu\u00e1rios que tivessem financiamento no \u00e2mbito do Sistema Financeiro da Habita\u00e7\u00e3o (SFH), pois n\u00e3o apenas a Caixa Econ\u00f4mica Federal, mas outras institui\u00e7\u00f5es financeiras, p\u00fablicas e privadas, emprestam recursos no \u00e2mbito do SFH.<\/p>\n<p>Nesse sentido, Gurgacz prop\u00f4s emendar o texto de forma que todos os desempregados que recebem o seguro-desemprego possam solicitar a suspens\u00e3o do pagamento das presta\u00e7\u00f5es, o que far\u00e1, segundo ele, com que a lei seja \u201cmais geral, abrangente em seu escopo e, por isso mesmo, mais \u00fatil&#8221;. Como o projeto n\u00e3o chegou a ser votado, ocorreu a designa\u00e7\u00e3o de novo relator e atualmente a proposta est\u00e1 sob a relatoria do senador Paulo Rocha (PT-PA).<\/p>\n<p>Fonte: Ag\u00eancia Senado<\/p>\n","protected":false},"excerpt":{"rendered":"<p>Proposta do senador Ronaldo Caiado (DEM-GO), em an\u00e1lise da Comiss\u00e3o de Assuntos Econ\u00f4micos (CAE), prev\u00ea que o desempregado que estiver recebendo seguro-desemprego poder\u00e1 postergar o pagamento das presta\u00e7\u00f5es do financiamento habitacional junto \u00e0 Caixa Econ\u00f4mica Federal pelo tempo em que for pago o benef\u00edcio (quatro ou cinco meses, dependendo do caso) e pelos tr\u00eas meses [&hellip;]<\/p>\n","protected":false},"author":96,"featured_media":90979,"comment_status":"closed","ping_status":"closed","sticky":false,"template":"","format":"standard","meta":{"footnotes":""},"categories":[254],"tags":[],"class_list":["post-90980","post","type-post","status-publish","format-standard","has-post-thumbnail","hentry","category-politica"],"_links":{"self":[{"href":"https:\/\/diarioregionaldigital.com.br\/index.php?rest_route=\/wp\/v2\/posts\/90980","targetHints":{"allow":["GET"]}}],"collection":[{"href":"https:\/\/diarioregionaldigital.com.br\/index.php?rest_route=\/wp\/v2\/posts"}],"about":[{"href":"https:\/\/diarioregionaldigital.com.br\/index.php?rest_route=\/wp\/v2\/types\/post"}],"author":[{"embeddable":true,"href":"https:\/\/diarioregionaldigital.com.br\/index.php?rest_route=\/wp\/v2\/users\/96"}],"replies":[{"embeddable":true,"href":"https:\/\/diarioregionaldigital.com.br\/index.php?rest_route=%2Fwp%2Fv2%2Fcomments&post=90980"}],"version-history":[{"count":0,"href":"https:\/\/diarioregionaldigital.com.br\/index.php?rest_route=\/wp\/v2\/posts\/90980\/revisions"}],"wp:featuredmedia":[{"embeddable":true,"href":"https:\/\/diarioregionaldigital.com.br\/index.php?rest_route=\/wp\/v2\/media\/90979"}],"wp:attachment":[{"href":"https:\/\/diarioregionaldigital.com.br\/index.php?rest_route=%2Fwp%2Fv2%2Fmedia&parent=90980"}],"wp:term":[{"taxonomy":"category","embeddable":true,"href":"https:\/\/diarioregionaldigital.com.br\/index.php?rest_route=%2Fwp%2Fv2%2Fcategories&post=90980"},{"taxonomy":"post_tag","embeddable":true,"href":"https:\/\/diarioregionaldigital.com.br\/index.php?rest_route=%2Fwp%2Fv2%2Ftags&post=90980"}],"curies":[{"name":"wp","href":"https:\/\/api.w.org\/{rel}","templated":true}]}}