{"id":90978,"date":"2018-02-01T18:28:03","date_gmt":"2018-02-01T20:28:03","guid":{"rendered":"http:\/\/diarioregionaljf.com.br\/2018\/02\/01\/prefeitura-de-barbacena-realiza-vacinacao-contra-a-febre-amarela-em-feiras-livres\/"},"modified":"2018-02-01T18:28:03","modified_gmt":"2018-02-01T20:28:03","slug":"prefeitura-de-barbacena-realiza-vacinacao-contra-a-febre-amarela-em-feiras-livres","status":"publish","type":"post","link":"https:\/\/diarioregionaldigital.com.br\/?p=90978","title":{"rendered":"Prefeitura de Barbacena realiza vacina\u00e7\u00e3o contra a febre amarela em feiras livres"},"content":{"rendered":"<p>Equipes da Secretaria Municipal de Sa\u00fade de Barbacena (a cerca de 110 KM de Juiz de Fora) v\u00e3o realizar vacina\u00e7\u00e3o contra a febre amarela nas feiras livres da Avenida Irm\u00e3 Paula (s\u00e1bado, 3) e na Oleg\u00e1rio Maciel (domingo, 4), entre 7h e 13h. Haver\u00e1 tenda fixa e pessoal fazendo varredura de barraca em barraca para que todos que ainda n\u00e3o se vacinaram possam receber a dose \u00fanica. A iniciativa visa atender aos compradores e feirantes &#8211; que, em sua maioria, s\u00e3o de zona rural.<\/p>\n<p>O cronograma na zona rural continua, com varredura de casa em casa. As equipes de enfermagem e agentes comunit\u00e1rios de sa\u00fade das micro \u00e1reas espec\u00edficas est\u00e3o percorrendo toda a extens\u00e3o das regi\u00f5es, com equipe tamb\u00e9m na UBS local para atender aos moradores.<\/p>\n<p>Todas as Unidades B\u00e1sicas de Sa\u00fade (UBS) tamb\u00e9m continuam realizando a vacina\u00e7\u00e3o, de segunda a sexta-feira, no hor\u00e1rio de 7h \u00e0s 17h, sem hor\u00e1rio de almo\u00e7o.<\/p>\n<p>&nbsp;<\/p>\n<p>Fonte: Assessoria<\/p>\n","protected":false},"excerpt":{"rendered":"<p>Equipes da Secretaria Municipal de Sa\u00fade de Barbacena (a cerca de 110 KM de Juiz de Fora) v\u00e3o realizar vacina\u00e7\u00e3o contra a febre amarela nas feiras livres da Avenida Irm\u00e3 Paula (s\u00e1bado, 3) e na Oleg\u00e1rio Maciel (domingo, 4), entre 7h e 13h. Haver\u00e1 tenda fixa e pessoal fazendo varredura de barraca em barraca para [&hellip;]<\/p>\n","protected":false},"author":96,"featured_media":90977,"comment_status":"closed","ping_status":"closed","sticky":false,"template":"","format":"standard","meta":{"footnotes":""},"categories":[252],"tags":[],"class_list":["post-90978","post","type-post","status-publish","format-standard","has-post-thumbnail","hentry","category-regiao"],"_links":{"self":[{"href":"https:\/\/diarioregionaldigital.com.br\/index.php?rest_route=\/wp\/v2\/posts\/90978","targetHints":{"allow":["GET"]}}],"collection":[{"href":"https:\/\/diarioregionaldigital.com.br\/index.php?rest_route=\/wp\/v2\/posts"}],"about":[{"href":"https:\/\/diarioregionaldigital.com.br\/index.php?rest_route=\/wp\/v2\/types\/post"}],"author":[{"embeddable":true,"href":"https:\/\/diarioregionaldigital.com.br\/index.php?rest_route=\/wp\/v2\/users\/96"}],"replies":[{"embeddable":true,"href":"https:\/\/diarioregionaldigital.com.br\/index.php?rest_route=%2Fwp%2Fv2%2Fcomments&post=90978"}],"version-history":[{"count":0,"href":"https:\/\/diarioregionaldigital.com.br\/index.php?rest_route=\/wp\/v2\/posts\/90978\/revisions"}],"wp:featuredmedia":[{"embeddable":true,"href":"https:\/\/diarioregionaldigital.com.br\/index.php?rest_route=\/wp\/v2\/media\/90977"}],"wp:attachment":[{"href":"https:\/\/diarioregionaldigital.com.br\/index.php?rest_route=%2Fwp%2Fv2%2Fmedia&parent=90978"}],"wp:term":[{"taxonomy":"category","embeddable":true,"href":"https:\/\/diarioregionaldigital.com.br\/index.php?rest_route=%2Fwp%2Fv2%2Fcategories&post=90978"},{"taxonomy":"post_tag","embeddable":true,"href":"https:\/\/diarioregionaldigital.com.br\/index.php?rest_route=%2Fwp%2Fv2%2Ftags&post=90978"}],"curies":[{"name":"wp","href":"https:\/\/api.w.org\/{rel}","templated":true}]}}