{"id":90976,"date":"2018-02-01T18:25:03","date_gmt":"2018-02-01T20:25:03","guid":{"rendered":"http:\/\/diarioregionaljf.com.br\/2018\/02\/01\/projeto-proibe-sistema-de-bandeiras-tarifarias-de-energia-eletrica\/"},"modified":"2018-02-01T18:25:03","modified_gmt":"2018-02-01T20:25:03","slug":"projeto-proibe-sistema-de-bandeiras-tarifarias-de-energia-eletrica","status":"publish","type":"post","link":"https:\/\/diarioregionaldigital.com.br\/?p=90976","title":{"rendered":"Projeto pro\u00edbe sistema de bandeiras tarif\u00e1rias de energia el\u00e9trica"},"content":{"rendered":"<p>A C\u00e2mara dos Deputados analisa o Projeto de Lei 9084\/17, do deputado Vaidon Oliveira (Pros-CE), que veda a aplica\u00e7\u00e3o do sistema de bandeiras tarif\u00e1rias pela Ag\u00eancia Nacional de Energia El\u00e9trica (Aneel).<\/p>\n<p>Implementado em 2015, o sistema de bandeiras tarif\u00e1rias permite o repasse ao consumidor final do custo extra das distribuidoras com a gera\u00e7\u00e3o de energia.<\/p>\n<p>De acordo com a ag\u00eancia reguladora, esse sistema de tarifa\u00e7\u00e3o objetiva sinalizar mensalmente aos consumidores quais s\u00e3o as reais condi\u00e7\u00f5es de gera\u00e7\u00e3o de energia el\u00e9trica, dando a eles a oportunidade de adaptar seu consumo. A ideia \u00e9 de que a \u00e1rea energ\u00e9tica passa por momento de dificuldade na produ\u00e7\u00e3o e, portanto, precisa dividir os custos com os usu\u00e1rios.<\/p>\n<p>Por\u00e9m, para o autor do projeto, o regime de bandeiras tarif\u00e1rias \u00e9 prejudicial ao consumidor. \u201cA exist\u00eancia de um cen\u00e1rio ruim n\u00e3o pode expor o consumidor a cobran\u00e7as ileg\u00edtimas de energia. Mesmo num cen\u00e1rio ins\u00f3lito e hostil, o consumidor, principalmente o de mais baixa renda, n\u00e3o pode ser penalizado\u201d, afirma o deputado.<\/p>\n<h4>&nbsp;<\/h4>\n<h4>TRAMITA\u00c7\u00c3O<\/h4>\n<p>A proposta ser\u00e1 analisada, em car\u00e1ter conclusivo, pelas comiss\u00f5es de Defesa do Consumidor; de Minas e Energia; e de Constitui\u00e7\u00e3o e Justi\u00e7a e de Cidadania.<\/p>\n<p>Fonte: Ag\u00eancia C\u00e2mara Not\u00edcias<\/p>\n","protected":false},"excerpt":{"rendered":"<p>A C\u00e2mara dos Deputados analisa o Projeto de Lei 9084\/17, do deputado Vaidon Oliveira (Pros-CE), que veda a aplica\u00e7\u00e3o do sistema de bandeiras tarif\u00e1rias pela Ag\u00eancia Nacional de Energia El\u00e9trica (Aneel). Implementado em 2015, o sistema de bandeiras tarif\u00e1rias permite o repasse ao consumidor final do custo extra das distribuidoras com a gera\u00e7\u00e3o de energia. [&hellip;]<\/p>\n","protected":false},"author":96,"featured_media":90975,"comment_status":"closed","ping_status":"closed","sticky":false,"template":"","format":"standard","meta":{"footnotes":""},"categories":[254],"tags":[],"class_list":["post-90976","post","type-post","status-publish","format-standard","has-post-thumbnail","hentry","category-politica"],"_links":{"self":[{"href":"https:\/\/diarioregionaldigital.com.br\/index.php?rest_route=\/wp\/v2\/posts\/90976","targetHints":{"allow":["GET"]}}],"collection":[{"href":"https:\/\/diarioregionaldigital.com.br\/index.php?rest_route=\/wp\/v2\/posts"}],"about":[{"href":"https:\/\/diarioregionaldigital.com.br\/index.php?rest_route=\/wp\/v2\/types\/post"}],"author":[{"embeddable":true,"href":"https:\/\/diarioregionaldigital.com.br\/index.php?rest_route=\/wp\/v2\/users\/96"}],"replies":[{"embeddable":true,"href":"https:\/\/diarioregionaldigital.com.br\/index.php?rest_route=%2Fwp%2Fv2%2Fcomments&post=90976"}],"version-history":[{"count":0,"href":"https:\/\/diarioregionaldigital.com.br\/index.php?rest_route=\/wp\/v2\/posts\/90976\/revisions"}],"wp:featuredmedia":[{"embeddable":true,"href":"https:\/\/diarioregionaldigital.com.br\/index.php?rest_route=\/wp\/v2\/media\/90975"}],"wp:attachment":[{"href":"https:\/\/diarioregionaldigital.com.br\/index.php?rest_route=%2Fwp%2Fv2%2Fmedia&parent=90976"}],"wp:term":[{"taxonomy":"category","embeddable":true,"href":"https:\/\/diarioregionaldigital.com.br\/index.php?rest_route=%2Fwp%2Fv2%2Fcategories&post=90976"},{"taxonomy":"post_tag","embeddable":true,"href":"https:\/\/diarioregionaldigital.com.br\/index.php?rest_route=%2Fwp%2Fv2%2Ftags&post=90976"}],"curies":[{"name":"wp","href":"https:\/\/api.w.org\/{rel}","templated":true}]}}