{"id":90974,"date":"2018-02-01T18:13:14","date_gmt":"2018-02-01T20:13:14","guid":{"rendered":"http:\/\/diarioregionaljf.com.br\/2018\/02\/01\/prefeitura-divulga-novas-listas-de-convocacao-de-professores-para-o-ano-letivo-de-2018\/"},"modified":"2018-02-01T18:13:14","modified_gmt":"2018-02-01T20:13:14","slug":"prefeitura-divulga-novas-listas-de-convocacao-de-professores-para-o-ano-letivo-de-2018","status":"publish","type":"post","link":"https:\/\/diarioregionaldigital.com.br\/?p=90974","title":{"rendered":"Prefeitura divulga novas listas de convoca\u00e7\u00e3o de professores para o ano letivo de 2018"},"content":{"rendered":"<p>A Prefeitura de Juiz de Fora (PJF) divulgou, nesta quinta-feira, 1\u00b0, nova listagem de convoca\u00e7\u00e3o dos aprovados nos processos seletivos para contrata\u00e7\u00e3o de professores para atua\u00e7\u00e3o no ano letivo de 2018 (Editais n\u00ba 335, 336 e 337). Est\u00e3o sendo convocados professores de educa\u00e7\u00e3o infantil, anos iniciais do Ensino Fundamental e Educa\u00e7\u00e3o de Jovens e Adultos (EJA), arte, biologia, ci\u00eancias, geografia, ingl\u00eas, matem\u00e1tica, portugu\u00eas, dan\u00e7a e m\u00fasica. Os convocados dever\u00e3o comparecer ao Centro de Forma\u00e7\u00e3o do Professor (Avenida Get\u00falio Vargas, n\u00ba 200, Centro) nesta sexta-feira, 2, \u00e0s 8h30. As listas podem ser conferidas abaixo:<\/p>\n<p><a href=\"https:\/\/www.pjf.mg.gov.br\/e_atos\/e_atos_vis.php?id=58910\" target=\"_blank\" rel=\"noopener noreferrer\">Edital n\u00b0 335<\/a> \u2013 Ensino Fundamental e EJA<\/p>\n<p><a href=\"https:\/\/www.pjf.mg.gov.br\/e_atos\/e_atos_vis.php?id=58912\" target=\"_blank\" rel=\"noopener noreferrer\">Edital n\u00b0 335<\/a> \u2013 Educa\u00e7\u00e3o infantil<\/p>\n<p><a href=\"https:\/\/www.pjf.mg.gov.br\/e_atos\/e_atos_vis.php?id=58913\" target=\"_blank\" rel=\"noopener noreferrer\">Edital n\u00b0336<\/a> \u2013 L\u00edngua Portuguesa<\/p>\n<p><a href=\"https:\/\/www.pjf.mg.gov.br\/e_atos\/e_atos_vis.php?id=58914\" target=\"_blank\" rel=\"noopener noreferrer\">Edital n\u00b0337<\/a> \u2013 Dan\u00e7a<\/p>\n<p>&nbsp;<\/p>\n<p>Fonte: Assessoria<\/p>\n","protected":false},"excerpt":{"rendered":"<p>A Prefeitura de Juiz de Fora (PJF) divulgou, nesta quinta-feira, 1\u00b0, nova listagem de convoca\u00e7\u00e3o dos aprovados nos processos seletivos para contrata\u00e7\u00e3o de professores para atua\u00e7\u00e3o no ano letivo de 2018 (Editais n\u00ba 335, 336 e 337). Est\u00e3o sendo convocados professores de educa\u00e7\u00e3o infantil, anos iniciais do Ensino Fundamental e Educa\u00e7\u00e3o de Jovens e Adultos [&hellip;]<\/p>\n","protected":false},"author":96,"featured_media":90973,"comment_status":"closed","ping_status":"closed","sticky":false,"template":"","format":"standard","meta":{"footnotes":""},"categories":[280],"tags":[],"class_list":["post-90974","post","type-post","status-publish","format-standard","has-post-thumbnail","hentry","category-concurso"],"_links":{"self":[{"href":"https:\/\/diarioregionaldigital.com.br\/index.php?rest_route=\/wp\/v2\/posts\/90974","targetHints":{"allow":["GET"]}}],"collection":[{"href":"https:\/\/diarioregionaldigital.com.br\/index.php?rest_route=\/wp\/v2\/posts"}],"about":[{"href":"https:\/\/diarioregionaldigital.com.br\/index.php?rest_route=\/wp\/v2\/types\/post"}],"author":[{"embeddable":true,"href":"https:\/\/diarioregionaldigital.com.br\/index.php?rest_route=\/wp\/v2\/users\/96"}],"replies":[{"embeddable":true,"href":"https:\/\/diarioregionaldigital.com.br\/index.php?rest_route=%2Fwp%2Fv2%2Fcomments&post=90974"}],"version-history":[{"count":0,"href":"https:\/\/diarioregionaldigital.com.br\/index.php?rest_route=\/wp\/v2\/posts\/90974\/revisions"}],"wp:featuredmedia":[{"embeddable":true,"href":"https:\/\/diarioregionaldigital.com.br\/index.php?rest_route=\/wp\/v2\/media\/90973"}],"wp:attachment":[{"href":"https:\/\/diarioregionaldigital.com.br\/index.php?rest_route=%2Fwp%2Fv2%2Fmedia&parent=90974"}],"wp:term":[{"taxonomy":"category","embeddable":true,"href":"https:\/\/diarioregionaldigital.com.br\/index.php?rest_route=%2Fwp%2Fv2%2Fcategories&post=90974"},{"taxonomy":"post_tag","embeddable":true,"href":"https:\/\/diarioregionaldigital.com.br\/index.php?rest_route=%2Fwp%2Fv2%2Ftags&post=90974"}],"curies":[{"name":"wp","href":"https:\/\/api.w.org\/{rel}","templated":true}]}}