{"id":90972,"date":"2018-02-01T18:06:09","date_gmt":"2018-02-01T20:06:09","guid":{"rendered":"http:\/\/diarioregionaljf.com.br\/2018\/02\/01\/deputados-licenciados-reassumem-mandato-na-assembleia\/"},"modified":"2018-02-01T18:06:09","modified_gmt":"2018-02-01T20:06:09","slug":"deputados-licenciados-reassumem-mandato-na-assembleia","status":"publish","type":"post","link":"https:\/\/diarioregionaldigital.com.br\/?p=90972","title":{"rendered":"Deputados licenciados reassumem mandato na Assembleia"},"content":{"rendered":"<p>Os deputados S\u00e1vio Souza Cruz (PMDB) e Ricardo Faria (PCdoB) reassumem seus mandatos na Assembleia Legislativa de Minas Gerais (ALMG) nesta quinta-feira, 1\u00ba de fevereiro, com a publica\u00e7\u00e3o das exonera\u00e7\u00f5es dos cargos de secret\u00e1rios de Estado de Sa\u00fade e de Turismo, respectivamente, no Di\u00e1rio Oficial de Minas Gerais. A comunica\u00e7\u00e3o oficial do retorno dos dois parlamentares deve ser feita durante Reuni\u00e3o de Plen\u00e1rio.<\/p>\n<p>S\u00e1vio Souza Cruz e Ricardo Faria retomam suas fun\u00e7\u00f5es parlamentares ap\u00f3s um per\u00edodo em que participaram do secretariado do governador Fernando Pimentel. Eles deixam as secretarias com o objetivo de disputar as elei\u00e7\u00f5es 2018, j\u00e1 que a Justi\u00e7a Eleitoral estabelece um \u201cprazo de desincompatibiliza\u00e7\u00e3o\u201d, que se encerra em abril.<\/p>\n<p>Com o retorno dos dois parlamentares, Tony Carlos (PMDB) e Geraldo Pimenta (PCdoB) retornam \u00e0 condi\u00e7\u00e3o de suplentes, sendo o primeiro suplente pela coliga\u00e7\u00e3o Minas Para Todos (PT\/Pros\/PMDB\/ PRB) e o segundo, suplente do PCdoB.<\/p>\n<p>Fonte: Assessoria<\/p>\n","protected":false},"excerpt":{"rendered":"<p>Os deputados S\u00e1vio Souza Cruz (PMDB) e Ricardo Faria (PCdoB) reassumem seus mandatos na Assembleia Legislativa de Minas Gerais (ALMG) nesta quinta-feira, 1\u00ba de fevereiro, com a publica\u00e7\u00e3o das exonera\u00e7\u00f5es dos cargos de secret\u00e1rios de Estado de Sa\u00fade e de Turismo, respectivamente, no Di\u00e1rio Oficial de Minas Gerais. A comunica\u00e7\u00e3o oficial do retorno dos dois [&hellip;]<\/p>\n","protected":false},"author":96,"featured_media":90971,"comment_status":"closed","ping_status":"closed","sticky":false,"template":"","format":"standard","meta":{"footnotes":""},"categories":[254],"tags":[],"class_list":["post-90972","post","type-post","status-publish","format-standard","has-post-thumbnail","hentry","category-politica"],"_links":{"self":[{"href":"https:\/\/diarioregionaldigital.com.br\/index.php?rest_route=\/wp\/v2\/posts\/90972","targetHints":{"allow":["GET"]}}],"collection":[{"href":"https:\/\/diarioregionaldigital.com.br\/index.php?rest_route=\/wp\/v2\/posts"}],"about":[{"href":"https:\/\/diarioregionaldigital.com.br\/index.php?rest_route=\/wp\/v2\/types\/post"}],"author":[{"embeddable":true,"href":"https:\/\/diarioregionaldigital.com.br\/index.php?rest_route=\/wp\/v2\/users\/96"}],"replies":[{"embeddable":true,"href":"https:\/\/diarioregionaldigital.com.br\/index.php?rest_route=%2Fwp%2Fv2%2Fcomments&post=90972"}],"version-history":[{"count":0,"href":"https:\/\/diarioregionaldigital.com.br\/index.php?rest_route=\/wp\/v2\/posts\/90972\/revisions"}],"wp:featuredmedia":[{"embeddable":true,"href":"https:\/\/diarioregionaldigital.com.br\/index.php?rest_route=\/wp\/v2\/media\/90971"}],"wp:attachment":[{"href":"https:\/\/diarioregionaldigital.com.br\/index.php?rest_route=%2Fwp%2Fv2%2Fmedia&parent=90972"}],"wp:term":[{"taxonomy":"category","embeddable":true,"href":"https:\/\/diarioregionaldigital.com.br\/index.php?rest_route=%2Fwp%2Fv2%2Fcategories&post=90972"},{"taxonomy":"post_tag","embeddable":true,"href":"https:\/\/diarioregionaldigital.com.br\/index.php?rest_route=%2Fwp%2Fv2%2Ftags&post=90972"}],"curies":[{"name":"wp","href":"https:\/\/api.w.org\/{rel}","templated":true}]}}