{"id":90968,"date":"2018-02-01T18:02:29","date_gmt":"2018-02-01T20:02:29","guid":{"rendered":"http:\/\/diarioregionaljf.com.br\/2018\/02\/01\/governo-estadual-divulga-datas-para-pagamento-dos-salarios-do-funcionalismo-publico-em-fevereiro\/"},"modified":"2018-02-01T18:02:29","modified_gmt":"2018-02-01T20:02:29","slug":"governo-estadual-divulga-datas-para-pagamento-dos-salarios-do-funcionalismo-publico-em-fevereiro","status":"publish","type":"post","link":"https:\/\/diarioregionaldigital.com.br\/?p=90968","title":{"rendered":"Governo estadual divulga datas para pagamento dos sal\u00e1rios do funcionalismo p\u00fablico em fevereiro"},"content":{"rendered":"<p>A Secretaria de Estado de Fazenda (SEF) apresentou nesta quinta-feira, 1\u00ba, as datas do m\u00eas de fevereiro para o pagamento dos sal\u00e1rios do funcionalismo p\u00fablico do Executivo Estadual. Veja abaixo como fica o calend\u00e1rio:<\/p>\n<p>&#8211; 1\u00aa parcela*: 16\/2 (sexta-feira)<br \/>* servidores com sal\u00e1rio at\u00e9 R$1.500 l\u00edquidos recebem no dia 9\/2 (sexta-feira)<\/p>\n<p>&#8211; 2\u00aa parcela: 23\/2 (sexta-feira)<\/p>\n<p>&#8211; 3\u00aa parcela: 28\/2 (quarta-feira)<\/p>\n<p>Os crit\u00e9rios adotados s\u00e3o os seguintes:<\/p>\n<p>&#8211; servidores com sal\u00e1rio at\u00e9 R$3 mil l\u00edquidos recebem integralmente na primeira parcela;<\/p>\n<p>&#8211; servidores com sal\u00e1rio at\u00e9 R$6 mil l\u00edquidos recebem uma parcela de R$3 mil e o restante na segunda parcela;<\/p>\n<p>&#8211; servidores com sal\u00e1rio acima de R$6 mil l\u00edquidos recebem R$3 mil na primeira parcela, R$3 mil na segunda parcela e o restante na terceira parcela.<\/p>\n<p>Fonte: Ag\u00eancia Minas<\/p>\n","protected":false},"excerpt":{"rendered":"<p>A Secretaria de Estado de Fazenda (SEF) apresentou nesta quinta-feira, 1\u00ba, as datas do m\u00eas de fevereiro para o pagamento dos sal\u00e1rios do funcionalismo p\u00fablico do Executivo Estadual. Veja abaixo como fica o calend\u00e1rio: &#8211; 1\u00aa parcela*: 16\/2 (sexta-feira)* servidores com sal\u00e1rio at\u00e9 R$1.500 l\u00edquidos recebem no dia 9\/2 (sexta-feira) &#8211; 2\u00aa parcela: 23\/2 (sexta-feira) [&hellip;]<\/p>\n","protected":false},"author":96,"featured_media":90967,"comment_status":"closed","ping_status":"closed","sticky":false,"template":"","format":"standard","meta":{"footnotes":""},"categories":[252],"tags":[],"class_list":["post-90968","post","type-post","status-publish","format-standard","has-post-thumbnail","hentry","category-regiao"],"_links":{"self":[{"href":"https:\/\/diarioregionaldigital.com.br\/index.php?rest_route=\/wp\/v2\/posts\/90968","targetHints":{"allow":["GET"]}}],"collection":[{"href":"https:\/\/diarioregionaldigital.com.br\/index.php?rest_route=\/wp\/v2\/posts"}],"about":[{"href":"https:\/\/diarioregionaldigital.com.br\/index.php?rest_route=\/wp\/v2\/types\/post"}],"author":[{"embeddable":true,"href":"https:\/\/diarioregionaldigital.com.br\/index.php?rest_route=\/wp\/v2\/users\/96"}],"replies":[{"embeddable":true,"href":"https:\/\/diarioregionaldigital.com.br\/index.php?rest_route=%2Fwp%2Fv2%2Fcomments&post=90968"}],"version-history":[{"count":0,"href":"https:\/\/diarioregionaldigital.com.br\/index.php?rest_route=\/wp\/v2\/posts\/90968\/revisions"}],"wp:featuredmedia":[{"embeddable":true,"href":"https:\/\/diarioregionaldigital.com.br\/index.php?rest_route=\/wp\/v2\/media\/90967"}],"wp:attachment":[{"href":"https:\/\/diarioregionaldigital.com.br\/index.php?rest_route=%2Fwp%2Fv2%2Fmedia&parent=90968"}],"wp:term":[{"taxonomy":"category","embeddable":true,"href":"https:\/\/diarioregionaldigital.com.br\/index.php?rest_route=%2Fwp%2Fv2%2Fcategories&post=90968"},{"taxonomy":"post_tag","embeddable":true,"href":"https:\/\/diarioregionaldigital.com.br\/index.php?rest_route=%2Fwp%2Fv2%2Ftags&post=90968"}],"curies":[{"name":"wp","href":"https:\/\/api.w.org\/{rel}","templated":true}]}}