{"id":90966,"date":"2018-02-01T17:53:13","date_gmt":"2018-02-01T19:53:13","guid":{"rendered":"http:\/\/diarioregionaljf.com.br\/2018\/02\/01\/museu-ferroviario-realiza-programacao-especial-de-carnaval\/"},"modified":"2018-02-01T17:53:13","modified_gmt":"2018-02-01T19:53:13","slug":"museu-ferroviario-realiza-programacao-especial-de-carnaval","status":"publish","type":"post","link":"https:\/\/diarioregionaldigital.com.br\/?p=90966","title":{"rendered":"Museu Ferrovi\u00e1rio realiza programa\u00e7\u00e3o especial de Carnaval"},"content":{"rendered":"<p>No ritmo da folia de Momo, o Museu Ferrovi\u00e1rio de Juiz de Fora preparou programa\u00e7\u00e3o especial de carnaval, com atividades para toda a fam\u00edlia. Todas com entrada gratuita, pela Av. Brasil, n\u00ba 2001, Centro. Nesse s\u00e1bado, 3, haver\u00e1 brincadeiras para crian\u00e7as, venda de cerveja artesanal e acaraj\u00e9, e m\u00fasica ao vivo. Al\u00e9m disso, o acervo permanente do local, com mais de 300 pe\u00e7as, estar\u00e1 aberto para visita\u00e7\u00e3o.<\/p>\n<p>Para o p\u00fablico infantil, \u00e0s 15h, ser\u00e1 realizada matin\u00ea com a \u201cTia Kak\u00e1\u201d, com direito a pintura de rosto, brincadeiras, batalha de confetes, desfile de fantasias, oficina de m\u00e1scaras de carnaval, entre outras atividades. J\u00e1 para os adultos, haver\u00e1 venda de cerveja artesanal feita pela \u201cMarimbondo\u201d e de \u201cAcaraj\u00e9 da Dione\u201d. \u00c0s 17h, o grupo \u201cMaracatu Estrela na Mata\u201d se apresentar\u00e1, com inten\u00e7\u00e3o de reunir brincantes da cultura popular. Al\u00e9m do baque virado, o grupo tocar\u00e1 ciranda e coco. O show ter\u00e1 participa\u00e7\u00e3o especial de L\u00e9o Teixeira, que cantar\u00e1 can\u00e7\u00f5es da banda \u201cNa\u00e7\u00e3o Zumbi\u201d. J\u00e1 nos intervalos, o som ficar\u00e1 por conta do DJ \u201cTuta\u201d, do \u201cVinil \u00e9 Arte\u201d, e de Tonil Braz, do \u201cAldeia Groove\u201d.<\/p>\n<p>&nbsp;<\/p>\n<h4>ZUMBA \u00c0 FANTASIA<\/h4>\n<p>No dia 7 de fevereiro, ser\u00e1 realizado aul\u00e3o de zumba em clima de carnaval. O evento ser\u00e1 aberto ao p\u00fablico e \u00e9 uma iniciativa do Museu Ferrovi\u00e1rio em parceria com o \u201cPrograma De Atividade F\u00edsica E Qualidade De Vida\u201d, oferecido aos servidores municipais pelo Departamento de Ambi\u00eancia Social &#8211; Damor\/SARH. \u201cEste \u00e9 o segundo ano que realizamos o aul\u00e3o. Ano passado funcionou bem, todo mundo gostou!\u201d, conta L\u00facia Coelho, coordenadora do programa. \u201cQualquer pessoa pode participar, sem restri\u00e7\u00e3o de idade. A ideia \u00e9 que todo mundo use fantasia ou algum acess\u00f3rio de carnaval\u201d.<\/p>\n<p>A aula ser\u00e1 dada pela professora Dhyana Mar\u00e7al e ter\u00e1 dura\u00e7\u00e3o de cerca de 50 minutos. Al\u00e9m das m\u00fasicas tradicionais de zumba, ao final do evento, ser\u00e3o tocadas marchinhas de carnaval para momento de descontra\u00e7\u00e3o e dan\u00e7a livre.<\/p>\n<p>&nbsp;<\/p>\n<p>Fonte: Assessoria<\/p>\n","protected":false},"excerpt":{"rendered":"<p>No ritmo da folia de Momo, o Museu Ferrovi\u00e1rio de Juiz de Fora preparou programa\u00e7\u00e3o especial de carnaval, com atividades para toda a fam\u00edlia. Todas com entrada gratuita, pela Av. Brasil, n\u00ba 2001, Centro. Nesse s\u00e1bado, 3, haver\u00e1 brincadeiras para crian\u00e7as, venda de cerveja artesanal e acaraj\u00e9, e m\u00fasica ao vivo. Al\u00e9m disso, o acervo [&hellip;]<\/p>\n","protected":false},"author":96,"featured_media":90965,"comment_status":"closed","ping_status":"closed","sticky":false,"template":"","format":"standard","meta":{"footnotes":""},"categories":[256],"tags":[],"class_list":["post-90966","post","type-post","status-publish","format-standard","has-post-thumbnail","hentry","category-cultura"],"_links":{"self":[{"href":"https:\/\/diarioregionaldigital.com.br\/index.php?rest_route=\/wp\/v2\/posts\/90966","targetHints":{"allow":["GET"]}}],"collection":[{"href":"https:\/\/diarioregionaldigital.com.br\/index.php?rest_route=\/wp\/v2\/posts"}],"about":[{"href":"https:\/\/diarioregionaldigital.com.br\/index.php?rest_route=\/wp\/v2\/types\/post"}],"author":[{"embeddable":true,"href":"https:\/\/diarioregionaldigital.com.br\/index.php?rest_route=\/wp\/v2\/users\/96"}],"replies":[{"embeddable":true,"href":"https:\/\/diarioregionaldigital.com.br\/index.php?rest_route=%2Fwp%2Fv2%2Fcomments&post=90966"}],"version-history":[{"count":0,"href":"https:\/\/diarioregionaldigital.com.br\/index.php?rest_route=\/wp\/v2\/posts\/90966\/revisions"}],"wp:featuredmedia":[{"embeddable":true,"href":"https:\/\/diarioregionaldigital.com.br\/index.php?rest_route=\/wp\/v2\/media\/90965"}],"wp:attachment":[{"href":"https:\/\/diarioregionaldigital.com.br\/index.php?rest_route=%2Fwp%2Fv2%2Fmedia&parent=90966"}],"wp:term":[{"taxonomy":"category","embeddable":true,"href":"https:\/\/diarioregionaldigital.com.br\/index.php?rest_route=%2Fwp%2Fv2%2Fcategories&post=90966"},{"taxonomy":"post_tag","embeddable":true,"href":"https:\/\/diarioregionaldigital.com.br\/index.php?rest_route=%2Fwp%2Fv2%2Ftags&post=90966"}],"curies":[{"name":"wp","href":"https:\/\/api.w.org\/{rel}","templated":true}]}}