{"id":90962,"date":"2018-02-01T17:46:35","date_gmt":"2018-02-01T19:46:35","guid":{"rendered":"http:\/\/diarioregionaljf.com.br\/2018\/02\/01\/penitenciaria-controlada-por-faccao-no-ceara-aguarda-autorizacao-para-reforma\/"},"modified":"2018-02-01T17:46:35","modified_gmt":"2018-02-01T19:46:35","slug":"penitenciaria-controlada-por-faccao-no-ceara-aguarda-autorizacao-para-reforma","status":"publish","type":"post","link":"https:\/\/diarioregionaldigital.com.br\/?p=90962","title":{"rendered":"Penitenci\u00e1ria controlada por fac\u00e7\u00e3o no Cear\u00e1 aguarda autoriza\u00e7\u00e3o para reforma"},"content":{"rendered":"<p>Parte dos recursos para reforma da Casa de Priva\u00e7\u00e3o Provis\u00f3ria de Liberdade Professor Clodoaldo Pinto, conhecida como CPPL II, foram liberados pelo Fundo Penitenci\u00e1rio, mas a penitenci\u00e1ria aguarda aprova\u00e7\u00e3o do Departamento Penitenci\u00e1rio Nacional (Depen) para iniciar as obras. A informa\u00e7\u00e3o \u00e9 da Secretaria da Justi\u00e7a do Cear\u00e1 (Sejus).<\/p>\n<p>Dados sobre a situa\u00e7\u00e3o das grandes penitenci\u00e1rias do Cear\u00e1 foram apresentados pela secretaria a pedido da Ag\u00eancia Brasil, ap\u00f3s o Conselho Penitenci\u00e1rio do Cear\u00e1 (Copen) constatar, durante inspe\u00e7\u00e3o, que os detentos circulam livremente nas viv\u00eancias, sem controle por parte dos agentes penitenci\u00e1rios.<\/p>\n<p>A inspe\u00e7\u00e3o ocorreu dias depois de uma briga entre grupos rivais na Cadeia P\u00fablica de Itapaj\u00e9, a 130 quil\u00f4metros de Fortaleza, terminar com a morte de 10 presos. Segundo a entidade, a CPPL II abriga somente detentos que fazem parte do grupo criminoso Guardi\u00f5es do Estado (GDE). Essa separa\u00e7\u00e3o das unidades entre fac\u00e7\u00f5es, conforme o Copen, \u00e9 uma forma de evitar conflitos e manter a estabilidade. Por quest\u00e3o de seguran\u00e7a, a Sejus n\u00e3o se pronuncia sobre a organiza\u00e7\u00e3o dos internos nas unidades.<\/p>\n<p>De acordo com a secretaria, as 16 grandes unidades penitenci\u00e1rias do Cear\u00e1 j\u00e1 passaram por reformas que fazem parte do processo de reestrutura\u00e7\u00e3o do sistema penitenci\u00e1rio. Em maio de 2016, v\u00e1rias penitenci\u00e1rias foram danificadas durante uma rebeli\u00e3o que deixou 18 detentos mortos. A CPPL II, de acordo com o Copen, ainda tem as marcas desse evento. As celas n\u00e3o podem mais ser trancadas e n\u00e3o h\u00e1 qualquer atividade de ressocializa\u00e7\u00e3o.<\/p>\n<p>Ainda conforme a secretaria, houve acr\u00e9scimo de duas mil vagas nos \u00faltimos dois anos e est\u00e3o sendo planejadas outras 2,4 mil vagas com a constru\u00e7\u00e3o de 5 novas unidades para reduzir a superlota\u00e7\u00e3o, que hoje chega a 84%. Tamb\u00e9m haver\u00e1 o aumento do efetivo de agentes penitenci\u00e1rios com a contrata\u00e7\u00e3o de mil novos profissionais por meio de concurso p\u00fablico que est\u00e1 em andamento.<\/p>\n<p>Fonte: Ag\u00eancia Brasil<\/p>\n","protected":false},"excerpt":{"rendered":"<p>Parte dos recursos para reforma da Casa de Priva\u00e7\u00e3o Provis\u00f3ria de Liberdade Professor Clodoaldo Pinto, conhecida como CPPL II, foram liberados pelo Fundo Penitenci\u00e1rio, mas a penitenci\u00e1ria aguarda aprova\u00e7\u00e3o do Departamento Penitenci\u00e1rio Nacional (Depen) para iniciar as obras. A informa\u00e7\u00e3o \u00e9 da Secretaria da Justi\u00e7a do Cear\u00e1 (Sejus). Dados sobre a situa\u00e7\u00e3o das grandes penitenci\u00e1rias [&hellip;]<\/p>\n","protected":false},"author":96,"featured_media":90961,"comment_status":"closed","ping_status":"closed","sticky":false,"template":"","format":"standard","meta":{"footnotes":""},"categories":[302],"tags":[],"class_list":["post-90962","post","type-post","status-publish","format-standard","has-post-thumbnail","hentry","category-brasil-mundo"],"_links":{"self":[{"href":"https:\/\/diarioregionaldigital.com.br\/index.php?rest_route=\/wp\/v2\/posts\/90962","targetHints":{"allow":["GET"]}}],"collection":[{"href":"https:\/\/diarioregionaldigital.com.br\/index.php?rest_route=\/wp\/v2\/posts"}],"about":[{"href":"https:\/\/diarioregionaldigital.com.br\/index.php?rest_route=\/wp\/v2\/types\/post"}],"author":[{"embeddable":true,"href":"https:\/\/diarioregionaldigital.com.br\/index.php?rest_route=\/wp\/v2\/users\/96"}],"replies":[{"embeddable":true,"href":"https:\/\/diarioregionaldigital.com.br\/index.php?rest_route=%2Fwp%2Fv2%2Fcomments&post=90962"}],"version-history":[{"count":0,"href":"https:\/\/diarioregionaldigital.com.br\/index.php?rest_route=\/wp\/v2\/posts\/90962\/revisions"}],"wp:featuredmedia":[{"embeddable":true,"href":"https:\/\/diarioregionaldigital.com.br\/index.php?rest_route=\/wp\/v2\/media\/90961"}],"wp:attachment":[{"href":"https:\/\/diarioregionaldigital.com.br\/index.php?rest_route=%2Fwp%2Fv2%2Fmedia&parent=90962"}],"wp:term":[{"taxonomy":"category","embeddable":true,"href":"https:\/\/diarioregionaldigital.com.br\/index.php?rest_route=%2Fwp%2Fv2%2Fcategories&post=90962"},{"taxonomy":"post_tag","embeddable":true,"href":"https:\/\/diarioregionaldigital.com.br\/index.php?rest_route=%2Fwp%2Fv2%2Ftags&post=90962"}],"curies":[{"name":"wp","href":"https:\/\/api.w.org\/{rel}","templated":true}]}}