{"id":90960,"date":"2018-02-01T17:43:11","date_gmt":"2018-02-01T19:43:11","guid":{"rendered":"http:\/\/diarioregionaljf.com.br\/2018\/02\/01\/stf-comeca-a-julgar-validade-da-venda-de-cigarros-aromatizados\/"},"modified":"2018-02-01T17:43:11","modified_gmt":"2018-02-01T19:43:11","slug":"stf-comeca-a-julgar-validade-da-venda-de-cigarros-aromatizados","status":"publish","type":"post","link":"https:\/\/diarioregionaldigital.com.br\/?p=90960","title":{"rendered":"STF come\u00e7a a julgar validade da venda de cigarros aromatizados"},"content":{"rendered":"<p>O Supremo Tribunal Federal (STF) iniciou na tarde dessa quinta-feira, 1\u00ba de fevereiro, o julgamento que trata da validade da suspens\u00e3o da resolu\u00e7\u00e3o da Ag\u00eancia Nacional de Vigil\u00e2ncia Sanit\u00e1ria (Anvisa) que proibiu a fabrica\u00e7\u00e3o e venda de cigarros com sabor artificial. A norma foi suspensa em 2013 por meio de uma liminar da ministra Rosa Weber.<\/p>\n<p>O caso come\u00e7ou a ser julgado em novembro do ano passado pelo plen\u00e1rio, mas, na ocasi\u00e3o, somente as partes envolvidas fizeram as sustenta\u00e7\u00f5es orais.<\/p>\n<p>Na a\u00e7\u00e3o, a Confedera\u00e7\u00e3o Nacional da Ind\u00fastria (CNI) alegou que a norma resultaria na proibi\u00e7\u00e3o de todos os cigarros produzidos pela ind\u00fastria, por restringir a utiliza\u00e7\u00e3o de qualquer subst\u00e2ncia que n\u00e3o seja tabaco ou \u00e1gua. A confedera\u00e7\u00e3o tamb\u00e9m disse que a proibi\u00e7\u00e3o representa o fechamento de f\u00e1bricas e a demiss\u00e3o de trabalhadores, e que a restri\u00e7\u00e3o s\u00f3 poderia ser tomada pelo Congresso.<\/p>\n<p>A Advocacia-Geral da Uni\u00e3o (AGU) defende a norma da Anvisa e ressalta que as restri\u00e7\u00f5es n\u00e3o pro\u00edbem a venda de cigarros, mas o uso de aditivos na comercializa\u00e7\u00e3o do tabaco. De acordo com a AGU, o aditivo facilita a inicia\u00e7\u00e3o do v\u00edcio em cigarro, e o Estado tem o dever de fazer pol\u00edticas de sa\u00fade p\u00fablica para proteger a popula\u00e7\u00e3o. Segundo o \u00f3rg\u00e3o, as doen\u00e7as causadas pelo tabaco custam cerca de R$59 bilh\u00f5es por ano aos cofres p\u00fablicos.<\/p>\n<p>Fonte: Ag\u00eancia Brasil<\/p>\n","protected":false},"excerpt":{"rendered":"<p>O Supremo Tribunal Federal (STF) iniciou na tarde dessa quinta-feira, 1\u00ba de fevereiro, o julgamento que trata da validade da suspens\u00e3o da resolu\u00e7\u00e3o da Ag\u00eancia Nacional de Vigil\u00e2ncia Sanit\u00e1ria (Anvisa) que proibiu a fabrica\u00e7\u00e3o e venda de cigarros com sabor artificial. A norma foi suspensa em 2013 por meio de uma liminar da ministra Rosa [&hellip;]<\/p>\n","protected":false},"author":96,"featured_media":90959,"comment_status":"closed","ping_status":"closed","sticky":false,"template":"","format":"standard","meta":{"footnotes":""},"categories":[302],"tags":[],"class_list":["post-90960","post","type-post","status-publish","format-standard","has-post-thumbnail","hentry","category-brasil-mundo"],"_links":{"self":[{"href":"https:\/\/diarioregionaldigital.com.br\/index.php?rest_route=\/wp\/v2\/posts\/90960","targetHints":{"allow":["GET"]}}],"collection":[{"href":"https:\/\/diarioregionaldigital.com.br\/index.php?rest_route=\/wp\/v2\/posts"}],"about":[{"href":"https:\/\/diarioregionaldigital.com.br\/index.php?rest_route=\/wp\/v2\/types\/post"}],"author":[{"embeddable":true,"href":"https:\/\/diarioregionaldigital.com.br\/index.php?rest_route=\/wp\/v2\/users\/96"}],"replies":[{"embeddable":true,"href":"https:\/\/diarioregionaldigital.com.br\/index.php?rest_route=%2Fwp%2Fv2%2Fcomments&post=90960"}],"version-history":[{"count":0,"href":"https:\/\/diarioregionaldigital.com.br\/index.php?rest_route=\/wp\/v2\/posts\/90960\/revisions"}],"wp:featuredmedia":[{"embeddable":true,"href":"https:\/\/diarioregionaldigital.com.br\/index.php?rest_route=\/wp\/v2\/media\/90959"}],"wp:attachment":[{"href":"https:\/\/diarioregionaldigital.com.br\/index.php?rest_route=%2Fwp%2Fv2%2Fmedia&parent=90960"}],"wp:term":[{"taxonomy":"category","embeddable":true,"href":"https:\/\/diarioregionaldigital.com.br\/index.php?rest_route=%2Fwp%2Fv2%2Fcategories&post=90960"},{"taxonomy":"post_tag","embeddable":true,"href":"https:\/\/diarioregionaldigital.com.br\/index.php?rest_route=%2Fwp%2Fv2%2Ftags&post=90960"}],"curies":[{"name":"wp","href":"https:\/\/api.w.org\/{rel}","templated":true}]}}