{"id":90958,"date":"2018-02-01T17:41:51","date_gmt":"2018-02-01T19:41:51","guid":{"rendered":"http:\/\/diarioregionaljf.com.br\/2018\/02\/01\/fiemg-regional-zm-realiza-edicao-extra-de-treinamento-sobre-esocial\/"},"modified":"2018-02-01T17:41:51","modified_gmt":"2018-02-01T19:41:51","slug":"fiemg-regional-zm-realiza-edicao-extra-de-treinamento-sobre-esocial","status":"publish","type":"post","link":"https:\/\/diarioregionaldigital.com.br\/?p=90958","title":{"rendered":"FIEMG Regional ZM realiza edi\u00e7\u00e3o extra de treinamento sobre &#8220;eSocial&#8221;"},"content":{"rendered":"<p>A FIEMG Regional Zona da Mata, atrav\u00e9s de seu Centro de Treinamentos, realiza na pr\u00f3xima quarta-feira, 7, uma edi\u00e7\u00e3o extra do treinamento sobre o &#8220;eSocial&#8221;, das 8h30 \u00e0s 18h. A ferramenta de controle trabalhista tem gerado d\u00favidas e atra\u00eddo muitos profissionais interessados em se capacitar sobre o assunto, o que levou a FIEMG a abrir uma turma extra para atender \u00e0 demanda.<\/p>\n<p>O objetivo \u00e9 apresentar e orientar os participantes a respeito do Sistema eSocial, implantado pelo governo como ferramenta de controle do cumprimento das obriga\u00e7\u00f5es trabalhistas e previdenci\u00e1rias. Ser\u00e3o estudados os pontos impactantes da Legisla\u00e7\u00e3o informados no eSocial, visando preparar os profissionais para a correta opera\u00e7\u00e3o da ferramenta. Ser\u00e3o ainda revisados procedimentos, para a extin\u00e7\u00e3o de eventuais erros no cumprimento das obriga\u00e7\u00f5es e apresentadas as regras legais com o intuito de redu\u00e7\u00e3o ou elimina\u00e7\u00e3o da gera\u00e7\u00e3o de passivos trabalhistas e fiscais.<\/p>\n<p>O curso tem como p\u00fablico-alvo administradores, contabilistas, gerentes, supervisores e analistas de Recursos Humanos, auditores, engenheiros e t\u00e9cnicos de Seguran\u00e7a do Trabalho, advogados, estudantes e demais profissionais interessados no tema. O instrutor ser\u00e1 o advogado, especialista nas \u00e1reas Trabalhista e Previdenci\u00e1ria, Seguran\u00e7a e Sa\u00fade do Trabalho, Rodrigo Dolabela, profissional com vasta experi\u00eancia no assunto e instrutor de palestras e treinamentos em todo o Brasil.<\/p>\n<p>Os interessados devem se inscrever atrav\u00e9s do e-mail relacoeszm@fiemg.com.br ou pelo telefone (32) 3249-1028. O investimento \u00e9 de R$185 para participantes de empresas associadas aos Sindicatos filiados \u00e0 FIEMG e R$210 para os demais, j\u00e1 inclu\u00eddo material did\u00e1tico e servi\u00e7o de alimenta\u00e7\u00e3o completo. O treinamento ser\u00e1 realizado na FIEMG Regional Zona da Mata, localizada na Av. Garcia Rodrigues Paes, n\u00ba 12.395 &#8211; Bairro Industrial &#8211; Juiz de Fora. As vagas s\u00e3o limitadas.<\/p>\n<p>&nbsp;<\/p>\n<p>Fonte: Assessoria<\/p>\n","protected":false},"excerpt":{"rendered":"<p>A FIEMG Regional Zona da Mata, atrav\u00e9s de seu Centro de Treinamentos, realiza na pr\u00f3xima quarta-feira, 7, uma edi\u00e7\u00e3o extra do treinamento sobre o &#8220;eSocial&#8221;, das 8h30 \u00e0s 18h. A ferramenta de controle trabalhista tem gerado d\u00favidas e atra\u00eddo muitos profissionais interessados em se capacitar sobre o assunto, o que levou a FIEMG a abrir [&hellip;]<\/p>\n","protected":false},"author":96,"featured_media":90957,"comment_status":"closed","ping_status":"closed","sticky":false,"template":"","format":"standard","meta":{"footnotes":""},"categories":[253],"tags":[],"class_list":["post-90958","post","type-post","status-publish","format-standard","has-post-thumbnail","hentry","category-cidade"],"_links":{"self":[{"href":"https:\/\/diarioregionaldigital.com.br\/index.php?rest_route=\/wp\/v2\/posts\/90958","targetHints":{"allow":["GET"]}}],"collection":[{"href":"https:\/\/diarioregionaldigital.com.br\/index.php?rest_route=\/wp\/v2\/posts"}],"about":[{"href":"https:\/\/diarioregionaldigital.com.br\/index.php?rest_route=\/wp\/v2\/types\/post"}],"author":[{"embeddable":true,"href":"https:\/\/diarioregionaldigital.com.br\/index.php?rest_route=\/wp\/v2\/users\/96"}],"replies":[{"embeddable":true,"href":"https:\/\/diarioregionaldigital.com.br\/index.php?rest_route=%2Fwp%2Fv2%2Fcomments&post=90958"}],"version-history":[{"count":0,"href":"https:\/\/diarioregionaldigital.com.br\/index.php?rest_route=\/wp\/v2\/posts\/90958\/revisions"}],"wp:featuredmedia":[{"embeddable":true,"href":"https:\/\/diarioregionaldigital.com.br\/index.php?rest_route=\/wp\/v2\/media\/90957"}],"wp:attachment":[{"href":"https:\/\/diarioregionaldigital.com.br\/index.php?rest_route=%2Fwp%2Fv2%2Fmedia&parent=90958"}],"wp:term":[{"taxonomy":"category","embeddable":true,"href":"https:\/\/diarioregionaldigital.com.br\/index.php?rest_route=%2Fwp%2Fv2%2Fcategories&post=90958"},{"taxonomy":"post_tag","embeddable":true,"href":"https:\/\/diarioregionaldigital.com.br\/index.php?rest_route=%2Fwp%2Fv2%2Ftags&post=90958"}],"curies":[{"name":"wp","href":"https:\/\/api.w.org\/{rel}","templated":true}]}}